{"id":7727,"date":"2015-10-15T22:50:53","date_gmt":"2015-10-15T22:50:53","guid":{"rendered":"http:\/\/www.rincondelbulla.cl\/portal\/?p=7727"},"modified":"2016-02-25T12:42:10","modified_gmt":"2016-02-25T12:42:10","slug":"la-u-quedo-con-un-pie-dentro-en-la-siguiente-ronda","status":"publish","type":"post","link":"https:\/\/www.rincondelbulla.cl\/portal\/2015\/10\/15\/la-u-quedo-con-un-pie-dentro-en-la-siguiente-ronda\/","title":{"rendered":"La \u00abU\u00bb qued\u00f3 con un pie dentro en la siguiente ronda"},"content":{"rendered":"<figure id=\"attachment_7215\" aria-describedby=\"caption-attachment-7215\" style=\"width: 1200px\" class=\"wp-caption alignnone\"><a href=\"http:\/\/www.rincondelbulla.cl\/portal\/wp-content\/uploads\/2015\/04\/11129749_10205493079539892_7200523359203101046_o.jpg\"><img loading=\"lazy\" decoding=\"async\" class=\"size-full wp-image-7215\" src=\"http:\/\/www.rincondelbulla.cl\/portal\/wp-content\/uploads\/2015\/04\/11129749_10205493079539892_7200523359203101046_o.jpg\" alt=\"Benegas tendr\u00e1 un rol clave reemplazando al lesionado Gustavo Canales\" width=\"1200\" height=\"800\" srcset=\"https:\/\/www.rincondelbulla.cl\/portal\/wp-content\/uploads\/2015\/04\/11129749_10205493079539892_7200523359203101046_o.jpg 1200w, https:\/\/www.rincondelbulla.cl\/portal\/wp-content\/uploads\/2015\/04\/11129749_10205493079539892_7200523359203101046_o-300x200.jpg 300w, https:\/\/www.rincondelbulla.cl\/portal\/wp-content\/uploads\/2015\/04\/11129749_10205493079539892_7200523359203101046_o-768x512.jpg 768w, https:\/\/www.rincondelbulla.cl\/portal\/wp-content\/uploads\/2015\/04\/11129749_10205493079539892_7200523359203101046_o-696x464.jpg 696w, https:\/\/www.rincondelbulla.cl\/portal\/wp-content\/uploads\/2015\/04\/11129749_10205493079539892_7200523359203101046_o-1068x712.jpg 1068w, https:\/\/www.rincondelbulla.cl\/portal\/wp-content\/uploads\/2015\/04\/11129749_10205493079539892_7200523359203101046_o-630x420.jpg 630w\" sizes=\"auto, (max-width: 1200px) 100vw, 1200px\" \/><\/a><figcaption id=\"caption-attachment-7215\" class=\"wp-caption-text\">Benegas tendr\u00e1 un rol clave reemplazando al lesionado Gustavo Canales<\/figcaption><\/figure>\n<p><strong>Esta tarde Universidad de Chile visit\u00f3 al siempre dif\u00edcil Cobreloa, para disputar los cuartos de final de Copa Chile. La tarea era dif\u00edcil, considerando las bajas del equipo como Gustavo Canales. Pero su reemplazante, Leandro Benegas, ten\u00eda algo m\u00e1s que decir. Los azules vencieron por 2-0 y est\u00e1n con un pie adentro de la clasificaci\u00f3n.<\/strong><\/p>\n<p><!--more--><\/p>\n<p>El tr\u00e1mite de la primera mitad del encuentro se torn\u00f3 bastante equilibrado para ambas escuadras. Tanto azules como lo\u00ednos generaron buenas oportunidades de gol, siendo Leandro Benegas el referente azul y \u00abGuachup\u00e9\u00bb J\u00edmenez de parte de los naranjas.<\/p>\n<p>As\u00ed ambos equipos se fueron al descanso con un empate parcial sin goles.<\/p>\n<p>La segunda mitad no cambiar\u00eda mucho en un comienzo, y ambos equipos seguir\u00edan tratando de hacerse da\u00f1o. Sin embargo, en una de las ocasiones m\u00e1s claras de los locales, Johnny Herrera se visti\u00f3 de h\u00e9roe, con una tapada de Selecci\u00f3n que mantuvo el empate a 20 minutos del final.<\/p>\n<p>Tras cart\u00f3n vendr\u00eda el ingreso de Renato Gonz\u00e1lez por Leo Valencia. El reci\u00e9n ingresado tendr\u00eda una oportunidad clave a bal\u00f3n parado, pero el horizontal dir\u00eda que no.<\/p>\n<p>Sin embargo, <strong>Leandro Benegas ten\u00eda algo que decir, y con la confianza que el propio t\u00e9cnico le brind\u00f3 ayer en conferencia de prensa, logr\u00f3 abrir el marcador en favor de los azules a solo 4 minutos del final.<\/strong><\/p>\n<p>Parec\u00eda todo cerrado, pero S<strong>ebasti\u00e1n Ubilla en los descuentos pondr\u00eda el 2-0 definitivo, que dej\u00f3 a los azules con opciones claras de superar la llave.<\/strong><\/p>\n<p><strong>El partido de vuelta se disputar\u00e1 el pr\u00f3ximo mi\u00e9rcoles 21 de octubre, en el Estadio Nacional.<\/strong><\/p>\n","protected":false},"excerpt":{"rendered":"<p>Esta tarde Universidad de Chile visit\u00f3 al siempre dif\u00edcil Cobreloa, para disputar los cuartos de final de Copa Chile. La tarea era dif\u00edcil, considerando las bajas del equipo como Gustavo Canales. Pero su reemplazante, Leandro Benegas, ten\u00eda algo m\u00e1s que decir. Los azules vencieron por 2-0 y est\u00e1n con un pie adentro de la clasificaci\u00f3n.<\/p>\n","protected":false},"author":21383,"featured_media":7215,"comment_status":"closed","ping_status":"open","sticky":false,"template":"","format":"standard","meta":{"footnotes":""},"categories":[18],"tags":[454,154,157],"class_list":{"0":"post-7727","1":"post","2":"type-post","3":"status-publish","4":"format-standard","5":"has-post-thumbnail","7":"category-actualidad","8":"tag-actualidad","9":"tag-copa-chile","10":"tag-portada"},"_links":{"self":[{"href":"https:\/\/www.rincondelbulla.cl\/portal\/wp-json\/wp\/v2\/posts\/7727","targetHints":{"allow":["GET"]}}],"collection":[{"href":"https:\/\/www.rincondelbulla.cl\/portal\/wp-json\/wp\/v2\/posts"}],"about":[{"href":"https:\/\/www.rincondelbulla.cl\/portal\/wp-json\/wp\/v2\/types\/post"}],"author":[{"embeddable":true,"href":"https:\/\/www.rincondelbulla.cl\/portal\/wp-json\/wp\/v2\/users\/21383"}],"replies":[{"embeddable":true,"href":"https:\/\/www.rincondelbulla.cl\/portal\/wp-json\/wp\/v2\/comments?post=7727"}],"version-history":[{"count":1,"href":"https:\/\/www.rincondelbulla.cl\/portal\/wp-json\/wp\/v2\/posts\/7727\/revisions"}],"predecessor-version":[{"id":7728,"href":"https:\/\/www.rincondelbulla.cl\/portal\/wp-json\/wp\/v2\/posts\/7727\/revisions\/7728"}],"wp:featuredmedia":[{"embeddable":true,"href":"https:\/\/www.rincondelbulla.cl\/portal\/wp-json\/wp\/v2\/media\/7215"}],"wp:attachment":[{"href":"https:\/\/www.rincondelbulla.cl\/portal\/wp-json\/wp\/v2\/media?parent=7727"}],"wp:term":[{"taxonomy":"category","embeddable":true,"href":"https:\/\/www.rincondelbulla.cl\/portal\/wp-json\/wp\/v2\/categories?post=7727"},{"taxonomy":"post_tag","embeddable":true,"href":"https:\/\/www.rincondelbulla.cl\/portal\/wp-json\/wp\/v2\/tags?post=7727"}],"curies":[{"name":"wp","href":"https:\/\/api.w.org\/{rel}","templated":true}]}}