{"id":7789,"date":"2015-10-29T19:52:55","date_gmt":"2015-10-29T19:52:55","guid":{"rendered":"http:\/\/www.rincondelbulla.cl\/portal\/?p=7789"},"modified":"2016-02-25T13:41:09","modified_gmt":"2016-02-25T13:41:09","slug":"la-hincha-que-le-gano-a-blanco-y-negro","status":"publish","type":"post","link":"https:\/\/www.rincondelbulla.cl\/portal\/2015\/10\/29\/la-hincha-que-le-gano-a-blanco-y-negro\/","title":{"rendered":"La hincha que le gan\u00f3 a Blanco y Negro"},"content":{"rendered":"<figure id=\"attachment_7796\" aria-describedby=\"caption-attachment-7796\" style=\"width: 640px\" class=\"wp-caption alignnone\"><a href=\"http:\/\/www.rincondelbulla.cl\/portal\/wp-content\/uploads\/2015\/10\/barramonumental.jpg\"><img loading=\"lazy\" decoding=\"async\" class=\"size-full wp-image-7796\" src=\"http:\/\/www.rincondelbulla.cl\/portal\/wp-content\/uploads\/2015\/10\/barramonumental.jpg\" alt=\"La hinchada azul en el Monumental en el cl\u00e1sico del a\u00f1o pasado.\" width=\"640\" height=\"427\" srcset=\"https:\/\/www.rincondelbulla.cl\/portal\/wp-content\/uploads\/2015\/10\/barramonumental.jpg 640w, https:\/\/www.rincondelbulla.cl\/portal\/wp-content\/uploads\/2015\/10\/barramonumental-300x200.jpg 300w, https:\/\/www.rincondelbulla.cl\/portal\/wp-content\/uploads\/2015\/10\/barramonumental-630x420.jpg 630w\" sizes=\"auto, (max-width: 640px) 100vw, 640px\" \/><\/a><figcaption id=\"caption-attachment-7796\" class=\"wp-caption-text\">La hinchada azul en el Monumental en el cl\u00e1sico del a\u00f1o pasado.<\/figcaption><\/figure>\n<p><strong>Faltando s\u00f3lo d\u00edas para un nuevo supercl\u00e1sico, Rinc\u00f3n del Bulla desmenuza lo sucedido en la edici\u00f3n del a\u00f1o pasado con Isidora P\u00e9rez, la hincha de Universidad de Chile que se atrevi\u00f3 a denunciar Blanco y Negro por la serie de lesiones que sufri\u00f3 en el ingreso al Monumental y que la tuvieron tres meses sin trabajar.<\/strong><!--more--><\/p>\n<p>Isidora P\u00e9rez Miranda, arque\u00f3loga de 28 a\u00f1os, toda su vida fue hincha de la \u201cU\u201d, pero desde hace doce a\u00f1os comenz\u00f3 a seguir al equipo azul a donde juegue: actualmente puede decir que conoce todos los estadios de Chile, mientras que de Sudam\u00e9rica solo le falta viajar a Colombia y Paraguay.<\/p>\n<p>Por eso no es de extra\u00f1ar que la ma\u00f1ana del domingo 19 de octubre de 2014 asistiera a una nueva edici\u00f3n del supercl\u00e1sico en el Estadio Monumental. Lleg\u00f3 por calle Departamental junto a la tradicional caminata que realizan los hinchas azules cada vez que visitan el reducto de Macul, pero esta vez decidi\u00f3 adelant\u00e1rseles junto a una amiga para evitar aglomeraciones.<\/p>\n<p>Antes de llegar, se cubri\u00f3 la camiseta porque not\u00f3 que no hab\u00eda cerco divisorio entre hinchas azules y albos, por lo que la intersecci\u00f3n de las calles Departamental y Exequiel Fern\u00e1ndez era tierra de nadie. \u201cCamotes iban, camotes ven\u00edan\u201d, rememora. All\u00ed not\u00f3 el primer error del operativo de seguridad.<\/p>\n<p>Tras tensos minutos esquivando piedras, finalmente logr\u00f3 llegar hasta el acceso de la galer\u00eda Magallanes, la \u00fanica destinada para el p\u00fablico visitante. Sin embargo, se encontrar\u00eda con un panorama adverso: hab\u00eda una fila inmensa, las puertas estaban cerradas porque adentro la galer\u00eda ya estaba colapsada y el \u00fanico era muy peque\u00f1o para los miles de hinchas que aguardaban por ingresar. A\u00fan faltaba una hora para el partido.<\/p>\n<p>Junto a su amiga, Isidora se puso a un costado de la fila para evitar los golpes de Carabineros y el chorro del carro lanza agua, que ya estaba actuando sobre la masa inquieta. Ah\u00ed, tras largos minutos de espera y sin que Isidora se diera cuenta, se abri\u00f3 la tan esperada reja, y el caos se desat\u00f3.<\/p>\n<p><strong><em>Minutos infernales<\/em><\/strong><\/p>\n<p>Una vez que se abri\u00f3 la puerta, la masa entr\u00f3 enardecida, pues sab\u00edan que era la \u00faltima oportunidad de entrar a un estadio atiborrado de gente. Isidora recuerda que se la llev\u00f3 la fuerza de la muchedumbre e inmediatamente se dio cuenta que era algo descontrolado, por lo que intent\u00f3 salir, pero no pudo. Trat\u00f3 de darse vuelta, y algunas personas que ya estaban en el suelo le provocaron la ca\u00edda accidental.<\/p>\n<p>Ah\u00ed comenzar\u00eda su infierno. \u201cEmpez\u00f3 a caerme encima gente, gente y m\u00e1s gente, y yo no me pod\u00eda levantar. Fueron como siete personas\u201d, recuerda. \u00a0Luego, le caer\u00eda alguien directamente sobre la pierna, siendo forzado su pie para un lado y su rodilla para el otro, haci\u00e9ndole palanca. \u201cPens\u00e9 que me iban a fracturar la pierna, porque no la pod\u00eda sacar, era un dolor muy grande\u201d. Pese a que grit\u00f3 pidiendo ayuda, el caos generalizado impidi\u00f3 que la oyeran. \u201cYo cre\u00ed que me iba a morir, estaba entregada. Dec\u00eda \u2018ya, Isi, aguanta, aguanta\u2019, y ah\u00ed me empec\u00e9 a dormir hasta que me desmay\u00e9\u201d, rememora.<\/p>\n<p>&#8211; \u00a1Despierta, despierta!<\/p>\n<p>&#8211; \u00a1Es la Isi! \u00bf\u00a1Qu\u00e9 le pas\u00f3!?<\/p>\n<p>Cuando la gente a su alrededor not\u00f3 su estado, la socorrieron. Entre ellos, un amigo que la reconoci\u00f3. Isidora no pod\u00eda despertar, estaba como en un sue\u00f1o, dice. Hasta que lo logr\u00f3.<\/p>\n<p>Cuando volvi\u00f3 en s\u00ed, estaba sin una zapatilla, sin sus lentes de sol, hab\u00eda perdido el carnet y por la nariz le ca\u00eda sangre producto de que se le reventaron los vasos capilares a causa de la presi\u00f3n, pero pese a todo, manten\u00eda su entrada apretada en la mano. Una foto capturada media hora despu\u00e9s de los hechos muestra a Isidora con la cara moreteada y los p\u00f3mulos con un tono verdoso, producto de las magulladuras.<\/p>\n<p>No hubo ambulancia ni enfermer\u00eda a su servicio. Entre dos conocidos la ayudaron a encontrar sus pertenencias extraviadas en la avalancha humana \u2013el carnet nunca apareci\u00f3- y luego la har\u00edan pasar a la galer\u00eda, antes de que se cerrara definitivamente el acceso. Era mejor estar adentro que afuera, porque en la calle Carabineros repel\u00eda a quienes se quedaron sin ingresar, transformando los alrededores en un campo de batalla.<\/p>\n<p>Ya en el estadio, se puso un poler\u00f3n a modo de cuello ortop\u00e9dico y se fue una vez que se calmaron los \u00e1nimos. Afuera la esperaba su padre, quien la llev\u00f3 de inmediato a la cl\u00ednica Santa Mar\u00eda para ser atendida. En aquel momento, Isidora a\u00fan no dimensionaba todo lo que se vendr\u00eda por delante, y la derrota que vivi\u00f3 su equipo aquel d\u00eda pas\u00f3 a ser nada m\u00e1s que una an\u00e9cdota.<\/p>\n<p><strong><em>La carga f\u00edsica y psicol\u00f3gica<\/em><\/strong><\/p>\n<figure id=\"attachment_7797\" aria-describedby=\"caption-attachment-7797\" style=\"width: 245px\" class=\"wp-caption alignleft\"><a href=\"http:\/\/www.rincondelbulla.cl\/portal\/wp-content\/uploads\/2015\/10\/Isidora1.jpg\"><img loading=\"lazy\" decoding=\"async\" class=\"size-medium wp-image-7797\" src=\"http:\/\/www.rincondelbulla.cl\/portal\/wp-content\/uploads\/2015\/10\/Isidora1-245x300.jpg\" alt=\"As\u00ed luc\u00eda Isidora tras la serie de lesiones.\" width=\"245\" height=\"300\" srcset=\"https:\/\/www.rincondelbulla.cl\/portal\/wp-content\/uploads\/2015\/10\/Isidora1-245x300.jpg 245w, https:\/\/www.rincondelbulla.cl\/portal\/wp-content\/uploads\/2015\/10\/Isidora1-696x851.jpg 696w, https:\/\/www.rincondelbulla.cl\/portal\/wp-content\/uploads\/2015\/10\/Isidora1-343x420.jpg 343w, https:\/\/www.rincondelbulla.cl\/portal\/wp-content\/uploads\/2015\/10\/Isidora1.jpg 700w\" sizes=\"auto, (max-width: 245px) 100vw, 245px\" \/><\/a><figcaption id=\"caption-attachment-7797\" class=\"wp-caption-text\">As\u00ed luc\u00eda Isidora tras la serie de lesiones.<\/figcaption><\/figure>\n<p>El saldo de lesiones que dej\u00f3 la avalancha en el cuerpo de Isidora P\u00e9rez fue desolador: esguince cervical \u2013le imped\u00eda tragar-, contusi\u00f3n periocular, esguince de ligamento de la rodilla grado 2-3 con microfactura, contusi\u00f3n en la parrilla costal y en brazos con un nervio afectado. Los m\u00e9dicos le dijeron que ese d\u00eda perfectamente pudo haber muerto, y que se hab\u00eda salvado de no tener fracturas en la cara.<\/p>\n<p>Isidora comenzar\u00eda a vivir desde ya las consecuencias de las lesiones. Estar\u00eda tres meses sin trabajar, debido a que por su trabajo de arque\u00f3loga debe desempe\u00f1arse en terreno. Al d\u00eda siguiente ten\u00eda previsto un viaje a Coyhaique para un congreso, pero no pudo viajar, perdiendo los pasajes.<\/p>\n<p>Luego se dio cuenta que tambi\u00e9n le afectar\u00eda en lo cotidiano: estuvo cinco meses sin poder subirse al metro y hasta el d\u00eda de hoy se pone nerviosa al estar en lugares con mucha gente. \u201cLa carga era demasiada, fue una recuperaci\u00f3n s\u00faper dif\u00edcil y lenta\u201d, comenta.<\/p>\n<p>Dentro de todos los padecimientos que vivi\u00f3, asegura que el tema psicol\u00f3gico fue lo m\u00e1s complicado: \u201cMe daba impotencia no saber por qu\u00e9 mierda me hab\u00eda pasado eso, que era algo que no merec\u00eda. Adem\u00e1s, para el juicio tuve que contar lo que me pas\u00f3 muchas veces. Fue desgastante, porque era revivir la angustia del momento. Me pon\u00eda a llorar cada vez que lo contaba\u201d, recuerda.<\/p>\n<p>Sin embargo y contra todo pron\u00f3stico, Isidora se demorar\u00eda menos de una semana en volver al estadio, cuando al fin de semana siguiente fue a ver la \u201cU\u201d contra Palestino. \u201cEse d\u00eda le dije a mi viejo, \u2018voy a ir igual, porque me estoy deprimiendo\u2019. Necesitaba una inyecci\u00f3n an\u00edmica. Y me dijo \u2018s\u00ed, pero vas conmigo\u2019. Y fuimos a un sector m\u00e1s tranquilo de la galer\u00eda, sentaditos, siendo que yo siempre veo los partidos de pie\u201d, rememora.<\/p>\n<p><strong><em>Marcando un precedente<\/em><\/strong><\/p>\n<p>Fue el mismo d\u00eda de los hechos que Isidora decidi\u00f3 que las cosas no pod\u00edan quedar as\u00ed. \u201cCuando me vi en la cl\u00ednica, dije \u2018esto tiene que parar, alguien tiene que hacer algo\u2019, ten\u00eda mucha rabia. Ten\u00eda que buscar al abogado y encontrar la forma de que a estos tipos (Blanco y Negro) les caiga el peso, no la pod\u00edan sacar tan barata\u201d, comenta y se ofusca con solo recordarlo.<\/p>\n<p>R\u00e1pidamente se puso a trabajar con la Asociaci\u00f3n de Hinchas Azules (AHA), organizaci\u00f3n que agrupa a hinchas de la \u201cU\u201d interesados en recuperar el rol social del cuadro laico y en la que Isidora es directora econ\u00f3mica. En primera instancia presentaron una denuncia a fiscal\u00eda, pero no tuvieron resultados positivos.<\/p>\n<p>Fue entonces cuando en los \u00faltimos d\u00edas de diciembre sali\u00f3 en los medios de comunicaci\u00f3n que el Juzgado de Polic\u00eda Local de Macul hab\u00eda acogido la demanda civil presentada por el hincha Juan Moya en contra de Blanco y Negro, pues se hab\u00eda quedado afuera del supercl\u00e1sico teniendo su entrada en mano. La concesionaria debi\u00f3 pagar una multa de $430 mil pesos y una indemnizaci\u00f3n al afectado de $50 mil.<\/p>\n<p>\u201cYo vi el caso en las noticias y dije \u2018quiero a ese abogado, quiero a un abogado ganador\u2019\u201d, recuerda Isidora. Busc\u00f3 al afectado a trav\u00e9s de Facebook, le pidi\u00f3 el contacto de \u00c1lvaro Delgado, el abogado que le hab\u00eda ganado la demanda a Blanco y Negro, y r\u00e1pidamente pusieron manos a la obra.<\/p>\n<p>El paso siguiente fue un trabajo coordinado entre la AHA y el abogado Delgado, donde se intent\u00f3 aglutinar gente afectada en ese partido para demandar de forma colectiva, pero pese a un entusiasmo inicial, finalmente solo Isidora concretar\u00eda la denuncia.<\/p>\n<p>Para Juan Carlos Gimeno, director de la comisi\u00f3n jur\u00eddica de la AHA,\u00a0la explicaci\u00f3n para\u00a0esto es que\u00a0\u201cse ha adoptado como leg\u00edtimo que cada fin de semana los derechos de los hinchas sean vulnerados solo por asistir al estadio, entonces culturalmente eso ha impedido que m\u00e1s personas afectadas lleven a tribunales sus casos\u201d.<\/p>\n<p>Gracias a un trabajo de recopilaci\u00f3n de antecedentes, videos y a los informes de Carabineros, Intendencia Metropolitana y Plan Estadio Seguro, Isidora pudo presentar una denuncia abundante en evidencia. Finalmente, en los primeros d\u00edas de septiembre sali\u00f3 la resoluci\u00f3n donde la Justicia impuso a Blanco y Negro una multa de cuatro millones de pesos, adem\u00e1s de una indemnizaci\u00f3n para Isidora de dos millones.<\/p>\n<p>Sobre la suma, Isidora plantea que \u201cmi abogado dijo que la indemnizaci\u00f3n era buena, aunque yo quer\u00eda demandar por tres millones. No recib\u00ed sueldo esos tres meses, porque trabajo <em>boleteando<\/em>, y tuve que rechazar muchas <em>pegas<\/em>. Y tambi\u00e9n hay da\u00f1os morales, porque me era muy dif\u00edcil movilizarme al kinesi\u00f3logo estando lesionada\u201d.<\/p>\n<p>En tanto, \u00c1lvaro Delgado dice que qued\u00f3 satisfecho con el monto indemnizado. \u201cDos millones de pesos es una cifra bastante buena, que considerando los costos de la causa ser\u00e1n como dos millones y medio. Los tribunales de justicia no suelen dar multas por este tipo de sucesos\u201d, plantea el hombre que con este caso ganaba su segunda demanda a la concesionaria alba.<\/p>\n<p>Por su parte, Juan Carlos Gimeno destaca el hecho de que \u201ceste logro significa un precedente, porque son escasas las ocasiones, sobre todo desde el advenimiento de las sociedades an\u00f3nimas deportivas, en que los hinchas hemos podido tener triunfo sobre estas empresas concesionarias que nos arrebataron tanto y de las cuales hemos podido obtener muy pocas victorias\u201d.<\/p>\n<p><strong><em>La visi\u00f3n de Blanco y Negro<\/em><\/strong><\/p>\n<p>El informe evaluativo de Carabineros de aquel d\u00eda es lapidario contra Blanco y Negro. Las fallas fueron abundantes y son expuestas en detalle: ingreso de objetos prohibidos \u2013lienzos, bengalas y artificio-, ri\u00f1as al interior y exterior del estadio, escaleras de evacuaci\u00f3n copadas por hinchas e incidentes en los estacionamientos \u2013simpatizantes albos encararon al arquero azul Johnny Herrera-. Adem\u00e1s, se se\u00f1ala que siendo las 11:23 horas, el jefe de servicio, prefecto \u00d3scar Salazar, decidi\u00f3 el cierre de la puerta del sector visitante por estar sobrepoblado.<\/p>\n<p>Felipe Nakagawa, subgerente de Operaciones y Seguridad de Blanco y Negro, asumi\u00f3 reci\u00e9n en agosto de este a\u00f1o, por lo que no formaba parte de la concesionaria para aquel supercl\u00e1sico de 2014. Sin embargo, tiene conocimiento de los hechos y asume el rol corporativo al declarar.<\/p>\n<p>Sobre lo sucedido aquel d\u00eda, si bien asegura que la concesionaria realiza la autocr\u00edtica, tampoco exime de responsabilidad a los hinchas. \u201cHubo problemas de coordinaci\u00f3n sobre la apertura y cierre de puertas, pero adem\u00e1s, un mal comportamiento de la hinchada visitante, porque no respetaron las indicaciones de c\u00f3mo eran los ingresos. Como era una cantidad limitada de tickets, muchas personas llegaron y utilizaron a la masa para tratar de ingresar sin tenerlo, por eso tuvo que actuar Carabineros y hubo des\u00f3rdenes\u201d, sostiene.<\/p>\n<p>En cuanto al plan de acci\u00f3n en caso de que un hincha se accidente en el estadio de Colo Colo, asegura que cuentan con un operativo de seguridad, con ambulancias y personal calificado para atenci\u00f3n de primeros auxilios, y en caso de ser algo m\u00e1s serio, derivaci\u00f3n inmediata al centro asistencial designado. Sin embargo, ese d\u00eda nada de ello ocurri\u00f3 con Isidora.<\/p>\n<p>&#8211; \u00bfSe puede garantizar que esos incidentes no se repetir\u00e1n en el pr\u00f3ximo supercl\u00e1sico?<\/p>\n<p>&#8211; Podr\u00eda garantizar que estamos tomando todas las medidas para evitar que vuelvan a ocurrir- asegura Nakagawa.<\/p>\n<p><strong><em>A\u00f1orando otro sistema<\/em><\/strong><\/p>\n<p><a href=\"http:\/\/www.rincondelbulla.cl\/portal\/wp-content\/uploads\/2015\/10\/isidora2.jpg\"><img loading=\"lazy\" decoding=\"async\" class=\"size-medium wp-image-7798 alignright\" src=\"http:\/\/www.rincondelbulla.cl\/portal\/wp-content\/uploads\/2015\/10\/isidora2-300x200.jpg\" alt=\"isidora2\" width=\"300\" height=\"200\" srcset=\"https:\/\/www.rincondelbulla.cl\/portal\/wp-content\/uploads\/2015\/10\/isidora2-300x200.jpg 300w, https:\/\/www.rincondelbulla.cl\/portal\/wp-content\/uploads\/2015\/10\/isidora2.jpg 620w\" sizes=\"auto, (max-width: 300px) 100vw, 300px\" \/><\/a><\/p>\n<p>Tras la resoluci\u00f3n, Blanco y Negro tuvo cinco d\u00edas como instancia de apelaci\u00f3n, y apel\u00f3. El abogado Delgado plantea sobre esto que \u201ccreemos que nos va a ir bien, las pruebas que presentamos son contundentes al ser informes de autoridades. Aparte, ya existe un fallo de la misma corte de abril de este a\u00f1o (por el caso de Juan Moya), entonces no deber\u00eda cambiar el criterio. En ese sentido, Blanco y Negro no present\u00f3 ninguna prueba para desvirtuar lo que nosotros sosten\u00edamos\u201d.<\/p>\n<p>Cuando se le pregunta por la conclusi\u00f3n que saca de todo lo vivido, Isidora no duda en dar una dura opini\u00f3n sobre el modelo actual que rige al f\u00fatbol chileno. \u201cA m\u00ed me parece que nos quieren echar de los estadios, porque las sociedades an\u00f3nimas ganan mucha m\u00e1s plata por concepto de CDF que por hinchas en el estadio. Los malos accesos y entradas caras son para que no vayamos m\u00e1s. A estos tipos de suerte no se les ha muerto nadie, porque estaba para que se muriera alguien ese d\u00eda y eso es algo que se repite\u201d.<\/p>\n<p>Siguiendo con su an\u00e1lisis, plantea como soluci\u00f3n al problema de la violencia en los estadios un sistema horizontal: \u201cYo apelo a la responsabilidad de ambos lados y a la inclusi\u00f3n de los hinchas en las discusiones m\u00e1s importantes de la organizaci\u00f3n de los espect\u00e1culos. En Chile todo es con la prohibici\u00f3n, el castigo y discriminaci\u00f3n. Con la l\u00f3gica de los poderosos de que \u2018hay que sacar a estos delincuentes, que sigan delinquiendo en sus poblaciones\u2019 no va a cambiar nada\u201d, opina la joven que sigue tan hincha como antes del accidente.<\/p>\n<p>&#8211; Falta menos de una semana para el pr\u00f3ximo supercl\u00e1sico en el Monumental. \u00bfIr\u00e1s?<\/p>\n<p>&#8211; S\u00ed, por supuesto. Sin ning\u00fan miedo, ya tengo mi entrada- sentencia Isidora.<\/p>\n","protected":false},"excerpt":{"rendered":"<p>Faltando s\u00f3lo d\u00edas para un nuevo supercl\u00e1sico, Rinc\u00f3n del Bulla desmenuza lo sucedido en la edici\u00f3n del a\u00f1o pasado con Isidora P\u00e9rez, la hincha de Universidad de Chile que se atrevi\u00f3 a denunciar Blanco y Negro por la serie de lesiones que sufri\u00f3 en el ingreso al Monumental y que la tuvieron tres meses sin [&#8230;]<\/p>\n","protected":false},"author":21380,"featured_media":7796,"comment_status":"closed","ping_status":"open","sticky":false,"template":"","format":"standard","meta":{"footnotes":""},"categories":[18,1],"tags":[454,157,272],"class_list":{"0":"post-7789","1":"post","2":"type-post","3":"status-publish","4":"format-standard","5":"has-post-thumbnail","7":"category-actualidad","8":"category-sin-categoria","9":"tag-actualidad","10":"tag-portada","11":"tag-reportaje"},"_links":{"self":[{"href":"https:\/\/www.rincondelbulla.cl\/portal\/wp-json\/wp\/v2\/posts\/7789","targetHints":{"allow":["GET"]}}],"collection":[{"href":"https:\/\/www.rincondelbulla.cl\/portal\/wp-json\/wp\/v2\/posts"}],"about":[{"href":"https:\/\/www.rincondelbulla.cl\/portal\/wp-json\/wp\/v2\/types\/post"}],"author":[{"embeddable":true,"href":"https:\/\/www.rincondelbulla.cl\/portal\/wp-json\/wp\/v2\/users\/21380"}],"replies":[{"embeddable":true,"href":"https:\/\/www.rincondelbulla.cl\/portal\/wp-json\/wp\/v2\/comments?post=7789"}],"version-history":[{"count":3,"href":"https:\/\/www.rincondelbulla.cl\/portal\/wp-json\/wp\/v2\/posts\/7789\/revisions"}],"predecessor-version":[{"id":7799,"href":"https:\/\/www.rincondelbulla.cl\/portal\/wp-json\/wp\/v2\/posts\/7789\/revisions\/7799"}],"wp:featuredmedia":[{"embeddable":true,"href":"https:\/\/www.rincondelbulla.cl\/portal\/wp-json\/wp\/v2\/media\/7796"}],"wp:attachment":[{"href":"https:\/\/www.rincondelbulla.cl\/portal\/wp-json\/wp\/v2\/media?parent=7789"}],"wp:term":[{"taxonomy":"category","embeddable":true,"href":"https:\/\/www.rincondelbulla.cl\/portal\/wp-json\/wp\/v2\/categories?post=7789"},{"taxonomy":"post_tag","embeddable":true,"href":"https:\/\/www.rincondelbulla.cl\/portal\/wp-json\/wp\/v2\/tags?post=7789"}],"curies":[{"name":"wp","href":"https:\/\/api.w.org\/{rel}","templated":true}]}}