{"id":7800,"date":"2015-10-30T17:47:27","date_gmt":"2015-10-30T17:47:27","guid":{"rendered":"http:\/\/www.rincondelbulla.cl\/portal\/?p=7800"},"modified":"2016-02-25T12:37:48","modified_gmt":"2016-02-25T12:37:48","slug":"tras-cuatro-anos-fuera-el-banderazo-azul-volvio-con-todo","status":"publish","type":"post","link":"https:\/\/www.rincondelbulla.cl\/portal\/2015\/10\/30\/tras-cuatro-anos-fuera-el-banderazo-azul-volvio-con-todo\/","title":{"rendered":"Tras cuatro a\u00f1os fuera el Banderazo azul volvi\u00f3 con todo"},"content":{"rendered":"<figure id=\"attachment_7807\" aria-describedby=\"caption-attachment-7807\" style=\"width: 484px\" class=\"wp-caption aligncenter\"><a href=\"http:\/\/www.rincondelbulla.cl\/portal\/wp-content\/uploads\/2015\/10\/12191596_784314415027616_7424914263126414745_n.jpg\"><img loading=\"lazy\" decoding=\"async\" class=\"wp-image-7807 size-full\" src=\"http:\/\/www.rincondelbulla.cl\/portal\/wp-content\/uploads\/2015\/10\/12191596_784314415027616_7424914263126414745_n.jpg\" alt=\"Foto: Agencia UNO\" width=\"484\" height=\"315\" srcset=\"https:\/\/www.rincondelbulla.cl\/portal\/wp-content\/uploads\/2015\/10\/12191596_784314415027616_7424914263126414745_n.jpg 484w, https:\/\/www.rincondelbulla.cl\/portal\/wp-content\/uploads\/2015\/10\/12191596_784314415027616_7424914263126414745_n-300x195.jpg 300w\" sizes=\"auto, (max-width: 484px) 100vw, 484px\" \/><\/a><figcaption id=\"caption-attachment-7807\" class=\"wp-caption-text\">Foto: Agencia UNO<\/figcaption><\/figure>\n<p><strong>La cita era a las 10 de la ma\u00f1ana, en el Estadio Nacional. Todo lo que lleva prohibido durante los \u00faltimos a\u00f1os, estaba permitido. Banderas, lienzos, papel picado y hasta el bombo se hicieron part\u00edcipe del regreso del banderazo, que volvi\u00f3 con todo en la previa del Supercl\u00e1sico.<\/strong><\/p>\n<p><!--more--><\/p>\n<p>Poco a poco fue llegando la gente al reducto de \u00d1u\u00f1oa, hasta llenar el sector de Andes, dispuesto para los hinchas que fueran a alentar al equipo un d\u00eda antes del partido. Finalmente, m\u00e1s de 10 mil hinchas repletaron la grader\u00eda.<\/p>\n<p>Los jugadores no dudaron en mostrar la emoci\u00f3n de lo acontecido. Uno de ellos, Johnny Herrera:<\/p>\n<p>https:\/\/twitter.com\/SamuraiAzul25\/status\/660117673506971648<\/p>\n<p>El \u00eddolo azul y siempre goleador ante Colo Colo, Diego Rivarola, tambi\u00e9n estuvo presente<\/p>\n<p>https:\/\/twitter.com\/RivarolaDiego7\/status\/660099729951465473<\/p>\n<p>En Instagram, los azules tambi\u00e9n compartieron sus mejores postales, como Guzm\u00e1n Pereira, Pato Rubio y el Capit\u00e1n Pepe Rojas:<\/p>\n<p>https:\/\/instagram.com\/p\/9dxe8WTLe6\/<\/p>\n<p>https:\/\/instagram.com\/p\/9d2UX3snHkHawkqJ9YdqDI89XPlWMlEnQLkR80\/<\/p>\n<p>https:\/\/instagram.com\/p\/9dwDjuFXAl\/<\/p>\n","protected":false},"excerpt":{"rendered":"<p>La cita era a las 10 de la ma\u00f1ana, en el Estadio Nacional. Todo lo que lleva prohibido durante los \u00faltimos a\u00f1os, estaba permitido. Banderas, lienzos, papel picado y hasta el bombo se hicieron part\u00edcipe del regreso del banderazo, que volvi\u00f3 con todo en la previa del Supercl\u00e1sico.<\/p>\n","protected":false},"author":21383,"featured_media":7802,"comment_status":"closed","ping_status":"open","sticky":false,"template":"","format":"standard","meta":{"footnotes":""},"categories":[18],"tags":[454,157,44],"class_list":{"0":"post-7800","1":"post","2":"type-post","3":"status-publish","4":"format-standard","5":"has-post-thumbnail","7":"category-actualidad","8":"tag-actualidad","9":"tag-portada","10":"tag-superclasico"},"_links":{"self":[{"href":"https:\/\/www.rincondelbulla.cl\/portal\/wp-json\/wp\/v2\/posts\/7800","targetHints":{"allow":["GET"]}}],"collection":[{"href":"https:\/\/www.rincondelbulla.cl\/portal\/wp-json\/wp\/v2\/posts"}],"about":[{"href":"https:\/\/www.rincondelbulla.cl\/portal\/wp-json\/wp\/v2\/types\/post"}],"author":[{"embeddable":true,"href":"https:\/\/www.rincondelbulla.cl\/portal\/wp-json\/wp\/v2\/users\/21383"}],"replies":[{"embeddable":true,"href":"https:\/\/www.rincondelbulla.cl\/portal\/wp-json\/wp\/v2\/comments?post=7800"}],"version-history":[{"count":9,"href":"https:\/\/www.rincondelbulla.cl\/portal\/wp-json\/wp\/v2\/posts\/7800\/revisions"}],"predecessor-version":[{"id":8372,"href":"https:\/\/www.rincondelbulla.cl\/portal\/wp-json\/wp\/v2\/posts\/7800\/revisions\/8372"}],"wp:featuredmedia":[{"embeddable":true,"href":"https:\/\/www.rincondelbulla.cl\/portal\/wp-json\/wp\/v2\/media\/7802"}],"wp:attachment":[{"href":"https:\/\/www.rincondelbulla.cl\/portal\/wp-json\/wp\/v2\/media?parent=7800"}],"wp:term":[{"taxonomy":"category","embeddable":true,"href":"https:\/\/www.rincondelbulla.cl\/portal\/wp-json\/wp\/v2\/categories?post=7800"},{"taxonomy":"post_tag","embeddable":true,"href":"https:\/\/www.rincondelbulla.cl\/portal\/wp-json\/wp\/v2\/tags?post=7800"}],"curies":[{"name":"wp","href":"https:\/\/api.w.org\/{rel}","templated":true}]}}