{"id":7850,"date":"2015-11-20T01:56:44","date_gmt":"2015-11-20T01:56:44","guid":{"rendered":"http:\/\/www.rincondelbulla.cl\/portal\/?p=7850"},"modified":"2015-11-20T01:56:44","modified_gmt":"2015-11-20T01:56:44","slug":"sera-una-despedida-lasarte-asume-que-hace-rato-tiene-claro-el-panorama-suyo-en-la-u","status":"publish","type":"post","link":"https:\/\/www.rincondelbulla.cl\/portal\/2015\/11\/20\/sera-una-despedida-lasarte-asume-que-hace-rato-tiene-claro-el-panorama-suyo-en-la-u\/","title":{"rendered":"\u00bfSer\u00e1 una despedida?: Lasarte asume que hace rato tiene claro el panorama suyo en la U"},"content":{"rendered":"<figure id=\"attachment_7851\" aria-describedby=\"caption-attachment-7851\" style=\"width: 780px\" class=\"wp-caption aligncenter\"><a href=\"http:\/\/www.rincondelbulla.cl\/portal\/wp-content\/uploads\/2015\/11\/PS_77192.jpg\"><img loading=\"lazy\" decoding=\"async\" class=\"size-full wp-image-7851\" src=\"http:\/\/www.rincondelbulla.cl\/portal\/wp-content\/uploads\/2015\/11\/PS_77192.jpg\" alt=\"Foto: Photosport\" width=\"780\" height=\"520\" srcset=\"https:\/\/www.rincondelbulla.cl\/portal\/wp-content\/uploads\/2015\/11\/PS_77192.jpg 780w, https:\/\/www.rincondelbulla.cl\/portal\/wp-content\/uploads\/2015\/11\/PS_77192-300x200.jpg 300w, https:\/\/www.rincondelbulla.cl\/portal\/wp-content\/uploads\/2015\/11\/PS_77192-768x512.jpg 768w, https:\/\/www.rincondelbulla.cl\/portal\/wp-content\/uploads\/2015\/11\/PS_77192-696x464.jpg 696w, https:\/\/www.rincondelbulla.cl\/portal\/wp-content\/uploads\/2015\/11\/PS_77192-630x420.jpg 630w\" sizes=\"auto, (max-width: 780px) 100vw, 780px\" \/><\/a><figcaption id=\"caption-attachment-7851\" class=\"wp-caption-text\">\u00a0 \u00a0Foto: Photosport<\/figcaption><\/figure>\n<p>El t\u00e9cnico de Universidad de Chile se refiri\u00f3 a la clasificaci\u00f3n de la U a la final de Copa Chile, no obstante el centro de sus declaraciones estuvo en su futuro en la banca azul.<!--more--><\/p>\n<p>Universidad de Chile se transform\u00f3 en el primer finalista de la Copa Chile de esta temporada, con esto los azules sumaron una racha de seis a\u00f1os clasificando a torneos internacionales, ya que de no ganar la final, el Rom\u00e1ntico Viajero ya asegur\u00f3 su clasificaci\u00f3n a la Copa Sudamericana 2016, y de coronarse como campe\u00f3n del certamen, los azules van directo a la pr\u00f3xima edici\u00f3n de Copa Libertadores.<\/p>\n<p>En este contexto el t\u00e9cnico azul analiz\u00f3 el partido de la U, \u00ab<strong>La idea era conseguir el objetivo. Hemos sido un equipo que sufre. Ten\u00edamos el primer cap\u00edtulo con cierta ventaja. El primer tiempo no nos encontramos c\u00f3modos, pero el gol nos destrab\u00f3\u00bb.<\/strong><\/p>\n<p>En relaci\u00f3n a los pr\u00f3ximo objetivos, Lasarte es claro y asume que el foco de este plantel y propio se dan fecha a fecha, \u00ab<strong>Mi foco estuvo en hoy, ahora en el domingo, luego en el s\u00e1bado y esta final, mis focos son cortitos<\/strong>\u00bb<\/p>\n<p>Pese a la irregular campa\u00f1a de los azules que dejaron al equipo sin pelear el torneo local tempranamente el charr\u00faa cree entreg\u00f3 los m\u00e9ritos de este triunfo a los jugadores,\u00bb<strong>En alg\u00fan momento dado hicimos un click y decidimos dar todo por este torneo&#8230;\u00a0Tengo una satisfacci\u00f3n enorme por los jugadores, que demostraron un amor enorme por la causa<\/strong>\u00ab, declar\u00f3.<\/p>\n<p>En relaci\u00f3n a su futuro como t\u00e9cnico de la U, el uruguayo asume que casi ya es un hecho que dejar\u00e1 la banca del Rom\u00e1ntico Viajero al terminar esta temporada y asume todos los rumores sobre su reemplazante, \u00a0\u00abTengo el panorama claro hace tiempo&#8230; no desconozco todo lo que se habla\u00bb. se\u00f1al\u00f3<\/p>\n<p>No obstante \u00abMachete\u00bb mantiene algo de fe en poder continuar al mando de los azules, \u00ab<strong>Reci\u00e9n ahora podr\u00edamos pensar en un futuro, (con la clasificaci\u00f3n a un torneo internacional<\/strong>\u00bb y a\u00f1adi\u00f3, \u00ab<strong>Con el tiempo nos juntaremos con el presidente ( Heller) y veremos qu\u00e9 pasa, nos daremos unas palmoteadas en la espaldas y decidiremos si esto da para seguir o llegamos al final<\/strong>\u00bb<\/p>\n<p>Finalmente Mart\u00edn Lasarte adelant\u00f3 el pr\u00f3ximo desaf\u00edo de la U ante los de san Carlos, \u00ab<strong>Le vamos a dar la mayor intensidad y ganas por la obligaci\u00f3n que tenemos como club por la rivalidad que existe<\/strong>\u00ab, concluy\u00f3.<\/p>\n<p>&nbsp;<\/p>\n","protected":false},"excerpt":{"rendered":"<p>El t\u00e9cnico de Universidad de Chile se refiri\u00f3 a la clasificaci\u00f3n de la U a la final de Copa Chile, no obstante el centro de sus declaraciones estuvo en su futuro en la banca azul.<\/p>\n","protected":false},"author":56,"featured_media":7851,"comment_status":"closed","ping_status":"open","sticky":false,"template":"","format":"standard","meta":{"footnotes":""},"categories":[18],"tags":[154,258,157,156],"class_list":{"0":"post-7850","1":"post","2":"type-post","3":"status-publish","4":"format-standard","5":"has-post-thumbnail","7":"category-actualidad","8":"tag-copa-chile","9":"tag-lasarte","10":"tag-portada","11":"tag-universidad-de-chile"},"_links":{"self":[{"href":"https:\/\/www.rincondelbulla.cl\/portal\/wp-json\/wp\/v2\/posts\/7850","targetHints":{"allow":["GET"]}}],"collection":[{"href":"https:\/\/www.rincondelbulla.cl\/portal\/wp-json\/wp\/v2\/posts"}],"about":[{"href":"https:\/\/www.rincondelbulla.cl\/portal\/wp-json\/wp\/v2\/types\/post"}],"author":[{"embeddable":true,"href":"https:\/\/www.rincondelbulla.cl\/portal\/wp-json\/wp\/v2\/users\/56"}],"replies":[{"embeddable":true,"href":"https:\/\/www.rincondelbulla.cl\/portal\/wp-json\/wp\/v2\/comments?post=7850"}],"version-history":[{"count":1,"href":"https:\/\/www.rincondelbulla.cl\/portal\/wp-json\/wp\/v2\/posts\/7850\/revisions"}],"predecessor-version":[{"id":7852,"href":"https:\/\/www.rincondelbulla.cl\/portal\/wp-json\/wp\/v2\/posts\/7850\/revisions\/7852"}],"wp:featuredmedia":[{"embeddable":true,"href":"https:\/\/www.rincondelbulla.cl\/portal\/wp-json\/wp\/v2\/media\/7851"}],"wp:attachment":[{"href":"https:\/\/www.rincondelbulla.cl\/portal\/wp-json\/wp\/v2\/media?parent=7850"}],"wp:term":[{"taxonomy":"category","embeddable":true,"href":"https:\/\/www.rincondelbulla.cl\/portal\/wp-json\/wp\/v2\/categories?post=7850"},{"taxonomy":"post_tag","embeddable":true,"href":"https:\/\/www.rincondelbulla.cl\/portal\/wp-json\/wp\/v2\/tags?post=7850"}],"curies":[{"name":"wp","href":"https:\/\/api.w.org\/{rel}","templated":true}]}}