{"id":7862,"date":"2015-11-23T02:08:23","date_gmt":"2015-11-23T02:08:23","guid":{"rendered":"http:\/\/www.rincondelbulla.cl\/portal\/?p=7862"},"modified":"2016-02-25T12:35:10","modified_gmt":"2016-02-25T12:35:10","slug":"un-camarin-silente-ante-un-empate-que-supo-a-derrota","status":"publish","type":"post","link":"https:\/\/www.rincondelbulla.cl\/portal\/2015\/11\/23\/un-camarin-silente-ante-un-empate-que-supo-a-derrota\/","title":{"rendered":"Un camar\u00edn silente ante un empate que supo a derrota"},"content":{"rendered":"<figure id=\"attachment_7864\" aria-describedby=\"caption-attachment-7864\" style=\"width: 1500px\" class=\"wp-caption aligncenter\"><a href=\"http:\/\/www.rincondelbulla.cl\/portal\/wp-content\/uploads\/2015\/11\/33.jpg\"><img loading=\"lazy\" decoding=\"async\" class=\"size-full wp-image-7864\" src=\"http:\/\/www.rincondelbulla.cl\/portal\/wp-content\/uploads\/2015\/11\/33.jpg\" alt=\"Foto: Claudio C\u00e1ceres\" width=\"1500\" height=\"1000\" srcset=\"https:\/\/www.rincondelbulla.cl\/portal\/wp-content\/uploads\/2015\/11\/33.jpg 1500w, https:\/\/www.rincondelbulla.cl\/portal\/wp-content\/uploads\/2015\/11\/33-300x200.jpg 300w, https:\/\/www.rincondelbulla.cl\/portal\/wp-content\/uploads\/2015\/11\/33-768x512.jpg 768w, https:\/\/www.rincondelbulla.cl\/portal\/wp-content\/uploads\/2015\/11\/33-1200x800.jpg 1200w, https:\/\/www.rincondelbulla.cl\/portal\/wp-content\/uploads\/2015\/11\/33-696x464.jpg 696w, https:\/\/www.rincondelbulla.cl\/portal\/wp-content\/uploads\/2015\/11\/33-1068x712.jpg 1068w, https:\/\/www.rincondelbulla.cl\/portal\/wp-content\/uploads\/2015\/11\/33-630x420.jpg 630w\" sizes=\"auto, (max-width: 1500px) 100vw, 1500px\" \/><\/a><figcaption id=\"caption-attachment-7864\" class=\"wp-caption-text\">Foto: Claudio C\u00e1ceres<\/figcaption><\/figure>\n<p>Universidad de Chile enrred\u00f3 puntos en un espectacular partido ante la Universidad Cat\u00f3lica, que parec\u00eda resuelto en favor de los azules, pero que finalmente termin\u00f3 con el marcador 2-2, y con los jugadores claramente desilusionados.<!--more--><\/p>\n<p>Uno a uno fueron saliendo los miembros del plantel desde el camar\u00edn del Nacional, sin hablar, sin mirar, y apenas esbozando una que otra sonrisa a los hinchas que a\u00fan permanec\u00edan en el recinto.<\/p>\n<p>El uno que tuvo algunas palabras, fue el capit\u00e1n Pepe Rojas, quien se\u00f1al\u00f3 que el equipo se iba <strong>\u00abcon un sabor amargo\u00bb. \u00abTen\u00edamos el partido cerrado y nos terminan empatando un encuentro en el que tuvimos las ocasiones de m\u00e1s peligro\u00bb,<\/strong> concluy\u00f3.<\/p>\n<p><strong>LAS PALABRAS DEL DT<\/strong><\/p>\n<p>En cuanto a Mart\u00edn Lasarte, el t\u00e9cnico se mostr\u00f3 conforme con el desempe\u00f1o de sus jugadores: <strong>\u00abVinimos a ganar, como deber ser, sin pensar si perjudicamos a alguien. No vinimos a darle nada a nadie\u00bb.<\/strong><\/p>\n<p><a href=\"http:\/\/www.rincondelbulla.cl\/portal\/wp-content\/uploads\/2015\/11\/23-Lasa.jpg\"><img loading=\"lazy\" decoding=\"async\" class=\"aligncenter size-full wp-image-7866\" src=\"http:\/\/www.rincondelbulla.cl\/portal\/wp-content\/uploads\/2015\/11\/23-Lasa.jpg\" alt=\"23 Lasa\" width=\"1500\" height=\"1000\" srcset=\"https:\/\/www.rincondelbulla.cl\/portal\/wp-content\/uploads\/2015\/11\/23-Lasa.jpg 1500w, https:\/\/www.rincondelbulla.cl\/portal\/wp-content\/uploads\/2015\/11\/23-Lasa-300x200.jpg 300w, https:\/\/www.rincondelbulla.cl\/portal\/wp-content\/uploads\/2015\/11\/23-Lasa-768x512.jpg 768w, https:\/\/www.rincondelbulla.cl\/portal\/wp-content\/uploads\/2015\/11\/23-Lasa-1200x800.jpg 1200w, https:\/\/www.rincondelbulla.cl\/portal\/wp-content\/uploads\/2015\/11\/23-Lasa-696x464.jpg 696w, https:\/\/www.rincondelbulla.cl\/portal\/wp-content\/uploads\/2015\/11\/23-Lasa-1068x712.jpg 1068w, https:\/\/www.rincondelbulla.cl\/portal\/wp-content\/uploads\/2015\/11\/23-Lasa-630x420.jpg 630w\" sizes=\"auto, (max-width: 1500px) 100vw, 1500px\" \/><\/a><\/p>\n<p>Sobre un resultado que parec\u00eda conclu\u00eddo, el uruguayo fue claro se\u00f1alando que <strong>\u00ablos dejamos llegar y nos salimos del plan. Nos dejamos hipnotizar por los oles y nos salimos del partido\u00bb.<\/strong><\/p>\n<p>Por \u00faltimo, y sobre la pr\u00f3xima final de Copa Chile que le queda por disputar al equipo, el DT afirm\u00f3 que <strong>\u00abojal\u00e1 la final sea contra Colo Colo, si es que la merece\u00bb.<\/strong><\/p>\n","protected":false},"excerpt":{"rendered":"<p>Universidad de Chile enrred\u00f3 puntos en un espectacular partido ante la Universidad Cat\u00f3lica, que parec\u00eda resuelto en favor de los azules, pero que finalmente termin\u00f3 con el marcador 2-2, y con los jugadores claramente desilusionados.<\/p>\n","protected":false},"author":21383,"featured_media":7864,"comment_status":"closed","ping_status":"open","sticky":false,"template":"","format":"standard","meta":{"footnotes":""},"categories":[18],"tags":[454,71,157,294],"class_list":{"0":"post-7862","1":"post","2":"type-post","3":"status-publish","4":"format-standard","5":"has-post-thumbnail","7":"category-actualidad","8":"tag-actualidad","9":"tag-clasico-universitario","10":"tag-portada","11":"tag-u-de-chile"},"_links":{"self":[{"href":"https:\/\/www.rincondelbulla.cl\/portal\/wp-json\/wp\/v2\/posts\/7862","targetHints":{"allow":["GET"]}}],"collection":[{"href":"https:\/\/www.rincondelbulla.cl\/portal\/wp-json\/wp\/v2\/posts"}],"about":[{"href":"https:\/\/www.rincondelbulla.cl\/portal\/wp-json\/wp\/v2\/types\/post"}],"author":[{"embeddable":true,"href":"https:\/\/www.rincondelbulla.cl\/portal\/wp-json\/wp\/v2\/users\/21383"}],"replies":[{"embeddable":true,"href":"https:\/\/www.rincondelbulla.cl\/portal\/wp-json\/wp\/v2\/comments?post=7862"}],"version-history":[{"count":5,"href":"https:\/\/www.rincondelbulla.cl\/portal\/wp-json\/wp\/v2\/posts\/7862\/revisions"}],"predecessor-version":[{"id":8363,"href":"https:\/\/www.rincondelbulla.cl\/portal\/wp-json\/wp\/v2\/posts\/7862\/revisions\/8363"}],"wp:featuredmedia":[{"embeddable":true,"href":"https:\/\/www.rincondelbulla.cl\/portal\/wp-json\/wp\/v2\/media\/7864"}],"wp:attachment":[{"href":"https:\/\/www.rincondelbulla.cl\/portal\/wp-json\/wp\/v2\/media?parent=7862"}],"wp:term":[{"taxonomy":"category","embeddable":true,"href":"https:\/\/www.rincondelbulla.cl\/portal\/wp-json\/wp\/v2\/categories?post=7862"},{"taxonomy":"post_tag","embeddable":true,"href":"https:\/\/www.rincondelbulla.cl\/portal\/wp-json\/wp\/v2\/tags?post=7862"}],"curies":[{"name":"wp","href":"https:\/\/api.w.org\/{rel}","templated":true}]}}