{"id":7868,"date":"2015-11-25T13:02:44","date_gmt":"2015-11-25T13:02:44","guid":{"rendered":"http:\/\/www.rincondelbulla.cl\/portal\/?p=7868"},"modified":"2015-11-25T13:04:35","modified_gmt":"2015-11-25T13:04:35","slug":"pese-a-querer-seguir-en-la-u-el-capitan-comienza-a-despedirse","status":"publish","type":"post","link":"https:\/\/www.rincondelbulla.cl\/portal\/2015\/11\/25\/pese-a-querer-seguir-en-la-u-el-capitan-comienza-a-despedirse\/","title":{"rendered":"Pese a querer seguir en la U, el Capit\u00e1n comienza a despedirse"},"content":{"rendered":"<figure id=\"attachment_7425\" aria-describedby=\"caption-attachment-7425\" style=\"width: 960px\" class=\"wp-caption aligncenter\"><a href=\"http:\/\/www.rincondelbulla.cl\/portal\/wp-content\/uploads\/2015\/07\/11751847_724595377646834_3602663174982843655_n.jpg\"><img loading=\"lazy\" decoding=\"async\" class=\"size-full wp-image-7425\" src=\"http:\/\/www.rincondelbulla.cl\/portal\/wp-content\/uploads\/2015\/07\/11751847_724595377646834_3602663174982843655_n.jpg\" alt=\"El capit\u00e1n deja atr\u00e1s el dorsal n\u00famero &quot;13&quot;. Su nuevo n\u00famero ser\u00e1 el &quot;3&quot;. Foto: Claudio C\u00e1ceres\" width=\"960\" height=\"649\" srcset=\"https:\/\/www.rincondelbulla.cl\/portal\/wp-content\/uploads\/2015\/07\/11751847_724595377646834_3602663174982843655_n.jpg 960w, https:\/\/www.rincondelbulla.cl\/portal\/wp-content\/uploads\/2015\/07\/11751847_724595377646834_3602663174982843655_n-300x203.jpg 300w, https:\/\/www.rincondelbulla.cl\/portal\/wp-content\/uploads\/2015\/07\/11751847_724595377646834_3602663174982843655_n-768x519.jpg 768w, https:\/\/www.rincondelbulla.cl\/portal\/wp-content\/uploads\/2015\/07\/11751847_724595377646834_3602663174982843655_n-696x471.jpg 696w, https:\/\/www.rincondelbulla.cl\/portal\/wp-content\/uploads\/2015\/07\/11751847_724595377646834_3602663174982843655_n-621x420.jpg 621w\" sizes=\"auto, (max-width: 960px) 100vw, 960px\" \/><\/a><figcaption id=\"caption-attachment-7425\" class=\"wp-caption-text\">\u00a0Foto: Claudio C\u00e1ceres<\/figcaption><\/figure>\n<p>Jos\u00e9 Rojas vivir\u00eda sus \u00faltimos d\u00edas defendiendo a Universidad de Chile, lo m\u00e1s probable es que el Capit\u00e1n deje la escuadra azul, pese a querer seguir vistiendo estos colores.<!--more--><\/p>\n<p>&nbsp;<\/p>\n<p>El Multicampe\u00f3n y Capit\u00e1n azul Jos\u00e9 Rojas comienza a despedirse de la hinchada azul, el defensa de Universidad de Chile termina contrato a fin de a\u00f1o y nadie se ha acercado para negociar una posible continuidad en el Rom\u00e1ntico Viajero.<\/p>\n<p>En este contexto, el referente azul, entreg\u00f3 un emotivo mensaje mediante Instagram a todos los hinchas azules.<\/p>\n<blockquote class=\"instagram-media\" data-instgrm-captioned data-instgrm-version=\"6\" style=\" background:#FFF; border:0; border-radius:3px; box-shadow:0 0 1px 0 rgba(0,0,0,0.5),0 1px 10px 0 rgba(0,0,0,0.15); margin: 1px; max-width:658px; padding:0; width:99.375%; width:-webkit-calc(100% - 2px); width:calc(100% - 2px);\">\n<div style=\"padding:8px;\">\n<div style=\" background:#F8F8F8; line-height:0; margin-top:40px; padding:50.0% 0; text-align:center; width:100%;\">\n<div style=\" background:url(data:image\/png;base64,iVBORw0KGgoAAAANSUhEUgAAACwAAAAsCAMAAAApWqozAAAAGFBMVEUiIiI9PT0eHh4gIB4hIBkcHBwcHBwcHBydr+JQAAAACHRSTlMABA4YHyQsM5jtaMwAAADfSURBVDjL7ZVBEgMhCAQBAf\/\/42xcNbpAqakcM0ftUmFAAIBE81IqBJdS3lS6zs3bIpB9WED3YYXFPmHRfT8sgyrCP1x8uEUxLMzNWElFOYCV6mHWWwMzdPEKHlhLw7NWJqkHc4uIZphavDzA2JPzUDsBZziNae2S6owH8xPmX8G7zzgKEOPUoYHvGz1TBCxMkd3kwNVbU0gKHkx+iZILf77IofhrY1nYFnB\/lQPb79drWOyJVa\/DAvg9B\/rLB4cC+Nqgdz\/TvBbBnr6GBReqn\/nRmDgaQEej7WhonozjF+Y2I\/fZou\/qAAAAAElFTkSuQmCC); display:block; height:44px; margin:0 auto -44px; position:relative; top:-22px; width:44px;\"><\/div>\n<\/div>\n<p style=\" margin:8px 0 0 0; padding:0 4px;\"> <a href=\"https:\/\/www.instagram.com\/p\/-fnPGWTLSY\/\" style=\" color:#000; font-family:Arial,sans-serif; font-size:14px; font-style:normal; font-weight:normal; line-height:17px; text-decoration:none; word-wrap:break-word;\" target=\"_blank\">Le he dedicado toda mi vida a estos colores y cada d\u00eda que pasa veo m\u00e1s lejana la opci\u00f3n de seguir ac\u00e1. Lamentablemente el f\u00fatbol es as\u00ed, a veces te da alegr\u00edas y otras veces es un poco ingrato&#8230; Quiz\u00e1s bastante! Al parecer para muchos cumpl\u00ed un ciclo, no s\u00e9 si sea la mejor o peor opci\u00f3n para el club&#8230; Qui\u00e9n mejor que yo mismo demostrar mi inter\u00e9s por seguir defendiendo esta camiseta pero no siempre se puede y no siempre las desiciones son de uno. Que sea lo que Dios quiera y donde est\u00e9 dar\u00e9 siempre lo mejor de m\u00ed como persona y profesionalmente ya que la vida continua y hay que seguir trabajando por mi familia, por mi, por mi futuro y mis objetivos. Esperando el pitazo final&#8230; Buenas noches \u26bd\ufe0f\u26bd\ufe0f\u26bd\ufe0f\u26bd\ufe0f\u26bd\ufe0f\u26bd\ufe0f<\/a><\/p>\n<p style=\" color:#c9c8cd; font-family:Arial,sans-serif; font-size:14px; line-height:17px; margin-bottom:0; margin-top:8px; overflow:hidden; padding:8px 0 7px; text-align:center; text-overflow:ellipsis; white-space:nowrap;\">Una foto publicada por pepe13rojas (@pepe13rojas) el <time style=\" font-family:Arial,sans-serif; font-size:14px; line-height:17px;\" datetime=\"2015-11-25T04:12:46+00:00\">24 de Nov de 2015 a la(s) 8:12 PST<\/time><\/p>\n<\/div>\n<\/blockquote>\n","protected":false},"excerpt":{"rendered":"<p>Jos\u00e9 Rojas vivir\u00eda sus \u00faltimos d\u00edas defendiendo a Universidad de Chile, lo m\u00e1s probable es que el Capit\u00e1n deje la escuadra azul, pese a querer seguir vistiendo estos colores.<\/p>\n","protected":false},"author":56,"featured_media":7425,"comment_status":"closed","ping_status":"open","sticky":false,"template":"","format":"standard","meta":{"footnotes":""},"categories":[18],"tags":[70,200,157,156],"class_list":{"0":"post-7868","1":"post","2":"type-post","3":"status-publish","4":"format-standard","5":"has-post-thumbnail","7":"category-actualidad","8":"tag-movidas","9":"tag-pepe-rojas","10":"tag-portada","11":"tag-universidad-de-chile"},"_links":{"self":[{"href":"https:\/\/www.rincondelbulla.cl\/portal\/wp-json\/wp\/v2\/posts\/7868","targetHints":{"allow":["GET"]}}],"collection":[{"href":"https:\/\/www.rincondelbulla.cl\/portal\/wp-json\/wp\/v2\/posts"}],"about":[{"href":"https:\/\/www.rincondelbulla.cl\/portal\/wp-json\/wp\/v2\/types\/post"}],"author":[{"embeddable":true,"href":"https:\/\/www.rincondelbulla.cl\/portal\/wp-json\/wp\/v2\/users\/56"}],"replies":[{"embeddable":true,"href":"https:\/\/www.rincondelbulla.cl\/portal\/wp-json\/wp\/v2\/comments?post=7868"}],"version-history":[{"count":2,"href":"https:\/\/www.rincondelbulla.cl\/portal\/wp-json\/wp\/v2\/posts\/7868\/revisions"}],"predecessor-version":[{"id":7870,"href":"https:\/\/www.rincondelbulla.cl\/portal\/wp-json\/wp\/v2\/posts\/7868\/revisions\/7870"}],"wp:featuredmedia":[{"embeddable":true,"href":"https:\/\/www.rincondelbulla.cl\/portal\/wp-json\/wp\/v2\/media\/7425"}],"wp:attachment":[{"href":"https:\/\/www.rincondelbulla.cl\/portal\/wp-json\/wp\/v2\/media?parent=7868"}],"wp:term":[{"taxonomy":"category","embeddable":true,"href":"https:\/\/www.rincondelbulla.cl\/portal\/wp-json\/wp\/v2\/categories?post=7868"},{"taxonomy":"post_tag","embeddable":true,"href":"https:\/\/www.rincondelbulla.cl\/portal\/wp-json\/wp\/v2\/tags?post=7868"}],"curies":[{"name":"wp","href":"https:\/\/api.w.org\/{rel}","templated":true}]}}