{"id":7884,"date":"2015-11-26T13:01:27","date_gmt":"2015-11-26T13:01:27","guid":{"rendered":"http:\/\/www.rincondelbulla.cl\/portal\/?p=7884"},"modified":"2015-11-26T13:01:27","modified_gmt":"2015-11-26T13:01:27","slug":"pepe-te-quedarias-un-ano-mas","status":"publish","type":"post","link":"https:\/\/www.rincondelbulla.cl\/portal\/2015\/11\/26\/pepe-te-quedarias-un-ano-mas\/","title":{"rendered":"\u201cPepe, \u00bfte quedar\u00edas un a\u00f1o m\u00e1s?\u201d"},"content":{"rendered":"<figure id=\"attachment_5030\" aria-describedby=\"caption-attachment-5030\" style=\"width: 960px\" class=\"wp-caption alignnone\"><a href=\"http:\/\/www.rincondelbulla.cl\/portal\/wp-content\/uploads\/2013\/04\/ae02bd1f65ff61c6cce7afad93ab58d9.jpg\"><img loading=\"lazy\" decoding=\"async\" class=\"size-full wp-image-5030\" src=\"http:\/\/www.rincondelbulla.cl\/portal\/wp-content\/uploads\/2013\/04\/ae02bd1f65ff61c6cce7afad93ab58d9.jpg\" alt=\"Un a\u00f1o m\u00e1s, prorrogable por seis meses, ser\u00eda la propuesta que Azul Azul pondr\u00eda sobre la mesa para asegurar la continuidad del capit\u00e1n azul. Foto: Staff Rinc\u00f3n del Bulla\" width=\"960\" height=\"640\" srcset=\"https:\/\/www.rincondelbulla.cl\/portal\/wp-content\/uploads\/2013\/04\/ae02bd1f65ff61c6cce7afad93ab58d9.jpg 960w, https:\/\/www.rincondelbulla.cl\/portal\/wp-content\/uploads\/2013\/04\/ae02bd1f65ff61c6cce7afad93ab58d9-300x200.jpg 300w, https:\/\/www.rincondelbulla.cl\/portal\/wp-content\/uploads\/2013\/04\/ae02bd1f65ff61c6cce7afad93ab58d9-768x512.jpg 768w, https:\/\/www.rincondelbulla.cl\/portal\/wp-content\/uploads\/2013\/04\/ae02bd1f65ff61c6cce7afad93ab58d9-696x464.jpg 696w, https:\/\/www.rincondelbulla.cl\/portal\/wp-content\/uploads\/2013\/04\/ae02bd1f65ff61c6cce7afad93ab58d9-630x420.jpg 630w\" sizes=\"auto, (max-width: 960px) 100vw, 960px\" \/><\/a><figcaption id=\"caption-attachment-5030\" class=\"wp-caption-text\">Un a\u00f1o m\u00e1s, prorrogable por seis meses, ser\u00eda la propuesta que Azul Azul pondr\u00eda sobre la mesa para asegurar la continuidad del capit\u00e1n azul. Foto: Staff Rinc\u00f3n del Bulla.<\/figcaption><\/figure>\n<p><strong>Al parecer esa es la propuesta que se piensa para que el capit\u00e1n azul permanezca en el club. Seg\u00fan cuenta un diario de circulaci\u00f3n nacional, Azul Azul trabaja en el ofrecimiento.<\/strong><!--more--><\/p>\n<p>El diario El Mercurio public\u00f3 que Azul Azul le ofrecer\u00eda un a\u00f1o m\u00e1s de contrato a Jos\u00e9 Rojas, quien termina su v\u00ednculo contractual con los azules este 31 de diciembre.<\/p>\n<p>Seg\u00fan consigna el medio, el ofrecimiento al capit\u00e1n universitario <strong>\u00abconsidera la extensi\u00f3n del v\u00ednculo por un a\u00f1o m\u00e1s, prorrogable por otros seis meses y con la posibilidad de continuar ligado a la instituci\u00f3n tras su retiro\u00bb<\/strong>, informaci\u00f3n que habr\u00eda sido concedida por un cercano a la dirigencia estudiantil.<\/p>\n<p>Esta supuesta propuesta llega en una semana en que se ha cuestionado la continuidad del referente azul en el plantel y donde el mismo jugador ha dado muestras que estos podr\u00edan ser sus \u00faltimos partidos vistiendo la camiseta del club de sus amores. Recordemos que ayer Jos\u00e9 Rojas public\u00f3 en su cuenta de Instagram sentidas palabras, las que para muchos fueron consideradas el inicio de su despedida de la \u201cU\u201d.<\/p>\n","protected":false},"excerpt":{"rendered":"<p>Al parecer esa es la propuesta que se piensa para que el capit\u00e1n azul permanezca en el club. Seg\u00fan cuenta un diario de circulaci\u00f3n nacional, Azul Azul trabaja en el ofrecimiento.<\/p>\n","protected":false},"author":21382,"featured_media":4880,"comment_status":"closed","ping_status":"open","sticky":false,"template":"","format":"standard","meta":{"footnotes":""},"categories":[18],"tags":[454,174,242,499,501,51,157,500,498,156],"class_list":{"0":"post-7884","1":"post","2":"type-post","3":"status-publish","4":"format-standard","5":"has-post-thumbnail","7":"category-actualidad","8":"tag-actualidad","9":"tag-azul-azul","10":"tag-capitan","11":"tag-continuidad","12":"tag-idolo","13":"tag-jose-rojas","14":"tag-portada","15":"tag-referente","16":"tag-renovacion","17":"tag-universidad-de-chile"},"_links":{"self":[{"href":"https:\/\/www.rincondelbulla.cl\/portal\/wp-json\/wp\/v2\/posts\/7884","targetHints":{"allow":["GET"]}}],"collection":[{"href":"https:\/\/www.rincondelbulla.cl\/portal\/wp-json\/wp\/v2\/posts"}],"about":[{"href":"https:\/\/www.rincondelbulla.cl\/portal\/wp-json\/wp\/v2\/types\/post"}],"author":[{"embeddable":true,"href":"https:\/\/www.rincondelbulla.cl\/portal\/wp-json\/wp\/v2\/users\/21382"}],"replies":[{"embeddable":true,"href":"https:\/\/www.rincondelbulla.cl\/portal\/wp-json\/wp\/v2\/comments?post=7884"}],"version-history":[{"count":1,"href":"https:\/\/www.rincondelbulla.cl\/portal\/wp-json\/wp\/v2\/posts\/7884\/revisions"}],"predecessor-version":[{"id":7885,"href":"https:\/\/www.rincondelbulla.cl\/portal\/wp-json\/wp\/v2\/posts\/7884\/revisions\/7885"}],"wp:featuredmedia":[{"embeddable":true,"href":"https:\/\/www.rincondelbulla.cl\/portal\/wp-json\/wp\/v2\/media\/4880"}],"wp:attachment":[{"href":"https:\/\/www.rincondelbulla.cl\/portal\/wp-json\/wp\/v2\/media?parent=7884"}],"wp:term":[{"taxonomy":"category","embeddable":true,"href":"https:\/\/www.rincondelbulla.cl\/portal\/wp-json\/wp\/v2\/categories?post=7884"},{"taxonomy":"post_tag","embeddable":true,"href":"https:\/\/www.rincondelbulla.cl\/portal\/wp-json\/wp\/v2\/tags?post=7884"}],"curies":[{"name":"wp","href":"https:\/\/api.w.org\/{rel}","templated":true}]}}