{"id":7891,"date":"2015-11-30T00:46:04","date_gmt":"2015-11-30T00:46:04","guid":{"rendered":"http:\/\/www.rincondelbulla.cl\/portal\/?p=7891"},"modified":"2016-02-25T12:34:01","modified_gmt":"2016-02-25T12:34:01","slug":"una-derrota-que-sumerge-a-la-u-en-lo-mas-oscuro-de-la-tabla","status":"publish","type":"post","link":"https:\/\/www.rincondelbulla.cl\/portal\/2015\/11\/30\/una-derrota-que-sumerge-a-la-u-en-lo-mas-oscuro-de-la-tabla\/","title":{"rendered":"Una derrota que sumerge a la \u00abU\u00bb en lo m\u00e1s oscuro de la tabla"},"content":{"rendered":"<p><a href=\"http:\/\/www.rincondelbulla.cl\/portal\/wp-content\/uploads\/2015\/04\/lau.jpg\"><img loading=\"lazy\" decoding=\"async\" class=\"alignnone size-full wp-image-7181\" src=\"http:\/\/www.rincondelbulla.cl\/portal\/wp-content\/uploads\/2015\/04\/lau.jpg\" alt=\"lau\" width=\"1152\" height=\"768\" srcset=\"https:\/\/www.rincondelbulla.cl\/portal\/wp-content\/uploads\/2015\/04\/lau.jpg 1152w, https:\/\/www.rincondelbulla.cl\/portal\/wp-content\/uploads\/2015\/04\/lau-300x200.jpg 300w, https:\/\/www.rincondelbulla.cl\/portal\/wp-content\/uploads\/2015\/04\/lau-768x512.jpg 768w, https:\/\/www.rincondelbulla.cl\/portal\/wp-content\/uploads\/2015\/04\/lau-696x464.jpg 696w, https:\/\/www.rincondelbulla.cl\/portal\/wp-content\/uploads\/2015\/04\/lau-1068x712.jpg 1068w, https:\/\/www.rincondelbulla.cl\/portal\/wp-content\/uploads\/2015\/04\/lau-630x420.jpg 630w\" sizes=\"auto, (max-width: 1152px) 100vw, 1152px\" \/><\/a><\/p>\n<p><strong>Esta tarde la Universidad de Chile cay\u00f3 por la m\u00ednima en su visita a Uni\u00f3n La Calera. Los azules, con equipo alternativo, no pudieron salir de una eventual zona de descenso que tiene preocupado a m\u00e1s de alguno en la entidad laica.<\/strong><\/p>\n<p><!--more--><\/p>\n<p>El primer tiempo estuvo pareja y con pocas ocasiones claras para las escuadras. En el equipo de Lasarte, fue Leandro Benegas el encargado de generar peligro, pero el ariete demostr\u00f3 estar falt\u00f3 de minutos y en l\u00edneas generales se mostr\u00f3 bastante impreciso.<\/p>\n<p>La falta de oportunidades le pas\u00f3 la cuenta a los azules, que ya en la segunda mitad sucumbieron ante los locales, que por medio de Patricio Vidal puso el 1-0 definitivo.<\/p>\n<p>As\u00ed, la \u00abU\u00bb qued\u00f3 sumergida en la parte m\u00e1s oscura de la tabla de posiciones, en la d\u00e9cimo tercera posici\u00f3n con apenas 14 puntos, a solo uno de ingresar a la zona de descenso.<\/p>\n<p>Una Universidad de Chile que recordemos, el mi\u00e9rcoles visitar\u00e1 La Serena para enfrentar una nueva final de Copa Chile, en un cl\u00e1sico duelo con Colo-Colo.<\/p>\n","protected":false},"excerpt":{"rendered":"<p>Esta tarde la Universidad de Chile cay\u00f3 por la m\u00ednima en su visita a Uni\u00f3n La Calera. Los azules, con equipo alternativo, no pudieron salir de una eventual zona de descenso que tiene preocupado a m\u00e1s de alguno en la entidad laica.<\/p>\n","protected":false},"author":21383,"featured_media":7078,"comment_status":"closed","ping_status":"open","sticky":false,"template":"","format":"standard","meta":{"footnotes":""},"categories":[18],"tags":[454,157],"class_list":{"0":"post-7891","1":"post","2":"type-post","3":"status-publish","4":"format-standard","5":"has-post-thumbnail","7":"category-actualidad","8":"tag-actualidad","9":"tag-portada"},"_links":{"self":[{"href":"https:\/\/www.rincondelbulla.cl\/portal\/wp-json\/wp\/v2\/posts\/7891","targetHints":{"allow":["GET"]}}],"collection":[{"href":"https:\/\/www.rincondelbulla.cl\/portal\/wp-json\/wp\/v2\/posts"}],"about":[{"href":"https:\/\/www.rincondelbulla.cl\/portal\/wp-json\/wp\/v2\/types\/post"}],"author":[{"embeddable":true,"href":"https:\/\/www.rincondelbulla.cl\/portal\/wp-json\/wp\/v2\/users\/21383"}],"replies":[{"embeddable":true,"href":"https:\/\/www.rincondelbulla.cl\/portal\/wp-json\/wp\/v2\/comments?post=7891"}],"version-history":[{"count":2,"href":"https:\/\/www.rincondelbulla.cl\/portal\/wp-json\/wp\/v2\/posts\/7891\/revisions"}],"predecessor-version":[{"id":7893,"href":"https:\/\/www.rincondelbulla.cl\/portal\/wp-json\/wp\/v2\/posts\/7891\/revisions\/7893"}],"wp:featuredmedia":[{"embeddable":true,"href":"https:\/\/www.rincondelbulla.cl\/portal\/wp-json\/wp\/v2\/media\/7078"}],"wp:attachment":[{"href":"https:\/\/www.rincondelbulla.cl\/portal\/wp-json\/wp\/v2\/media?parent=7891"}],"wp:term":[{"taxonomy":"category","embeddable":true,"href":"https:\/\/www.rincondelbulla.cl\/portal\/wp-json\/wp\/v2\/categories?post=7891"},{"taxonomy":"post_tag","embeddable":true,"href":"https:\/\/www.rincondelbulla.cl\/portal\/wp-json\/wp\/v2\/tags?post=7891"}],"curies":[{"name":"wp","href":"https:\/\/api.w.org\/{rel}","templated":true}]}}