{"id":7894,"date":"2015-12-02T01:08:20","date_gmt":"2015-12-02T01:08:20","guid":{"rendered":"http:\/\/www.rincondelbulla.cl\/portal\/?p=7894"},"modified":"2015-12-02T01:08:20","modified_gmt":"2015-12-02T01:08:20","slug":"la-confianza-azul-de-ser-campeon","status":"publish","type":"post","link":"https:\/\/www.rincondelbulla.cl\/portal\/2015\/12\/02\/la-confianza-azul-de-ser-campeon\/","title":{"rendered":"La confianza azul de ser campe\u00f3n"},"content":{"rendered":"<figure id=\"attachment_7895\" aria-describedby=\"caption-attachment-7895\" style=\"width: 961px\" class=\"wp-caption alignnone\"><a href=\"http:\/\/www.rincondelbulla.cl\/portal\/wp-content\/uploads\/2015\/12\/Conferencia.jpg\"><img loading=\"lazy\" decoding=\"async\" class=\" wp-image-7895\" src=\"http:\/\/www.rincondelbulla.cl\/portal\/wp-content\/uploads\/2015\/12\/Conferencia.jpg\" alt=\"Ambos equipos demostraron sus ganas de quedarse con el trofeo en el Supercl\u00e1sico que se disputar\u00e1 este mi\u00e9rcoles en La Serena. Foto: www.anfp.cl\" width=\"961\" height=\"641\" srcset=\"https:\/\/www.rincondelbulla.cl\/portal\/wp-content\/uploads\/2015\/12\/Conferencia.jpg 589w, https:\/\/www.rincondelbulla.cl\/portal\/wp-content\/uploads\/2015\/12\/Conferencia-300x200.jpg 300w\" sizes=\"auto, (max-width: 961px) 100vw, 961px\" \/><\/a><figcaption id=\"caption-attachment-7895\" class=\"wp-caption-text\">Ambos equipos demostraron sus ganas de quedarse con el trofeo en el Supercl\u00e1sico que se disputar\u00e1 este mi\u00e9rcoles en La Serena. Foto: www.anfp.cl<\/figcaption><\/figure>\n<p style=\"margin: 0cm;margin-bottom: .0001pt;text-align: justify;line-height: 16.6pt;background: white\"><strong><span style=\"font-size: 11.5pt;font-family: 'Arial','sans-serif';color: #333333\">En la previa de la gran final de Copa Chile MTS 2015, los t\u00e9cnicos y capitanes de Universidad de Chile y Colo Colo entregaron sus impresiones a la hora de este nueva versi\u00f3n del Supercl\u00e1sico.<\/span><\/strong><!--more--><\/p>\n<p>\u201cEl f\u00fatbol te da revanchas\u201d. Esa parecer ser la arenga que el plantel de la \u201cU\u201d lleva adelante a horas de enfrentar a su archirrival en la final de la Copa Chile MTS 2015, que se jugar\u00e1 este mi\u00e9rcoles 2 de diciembre, desde las 20:00 hrs., en el estadio La Portada de La Serena.<\/p>\n<p>En la previa, capitales y t\u00e9cnicos de ambos equipos entregaron sus \u00faltimas impresiones antes del trascendental partido Mart\u00edn Lasarte y Jos\u00e9 Rojas no se guardaron nada y manifestaron las ansias que tiene el plantel de alzar el trofeo y, por qu\u00e9 no, tomarse una revancha del \u00faltimo Supercl\u00e1sico.<\/p>\n<p>El DT azul asegur\u00f3 <strong>\u00abqueremos ganar y aprovecharemos la instancia que tienen Colo Colo pensando en la definici\u00f3n del Apertura (\u2026) Los dos queremos ganar y buscaremos aquello, pero sabemos que s\u00f3lo uno saldr\u00e1 con la copa y lo sufrido de la campa\u00f1a queda atr\u00e1s si no levantas la copa\u00bb.<\/strong><\/p>\n<p>Por su parte, el capit\u00e1n y referente universitario, Jos\u00e9 Rojas, indic\u00f3 que est\u00e1n felices por definir este torneo frente al archirrival y que<strong> \u00abjugar una final con Colo Colo siempre es motivante mejor a\u00fan si es con un estadio lleno\u201d<\/strong>. Rojas adem\u00e1s hizo un llamado a los hinchas a vivir este partido <strong>\u201ccon alegr\u00eda y con seguridad\u00bb<\/strong>. Consultado sobre su visi\u00f3n personal del partido y si podr\u00eda ser el \u00faltimo, el referente azul que <strong>\u00abeste tipo de partidos siempre me han gustado jugarlos. Es un orgullo poder jugarlo y no s\u00e9 si ser\u00e1 mi \u00faltimo Supercl\u00e1sico\u00bb<\/strong>.<\/p>\n<p>Mientras tanto, en la vereda contraria, el entrenador Jos\u00e9 Luis Sierra asegur\u00f3 que vienen en busca del triunfo y que solo el jueves pensar\u00e1n en la \u00faltima fecha del Torneo Apertura 2015-2016. <strong>\u201cTodos queremos ganar el t\u00edtulo. Ojal\u00e1 todos podamos disfrutar de un lindo espect\u00e1culo que ojal\u00e1 se desarrolle dentro de lo normal\u00bb<\/strong>, dijo el ex seleccionado chileno.<\/p>\n<p style=\"margin: 0cm;margin-bottom: .0001pt;text-align: justify;line-height: 16.6pt;background: white\">Por su parte, <strong>Gonzalo Fierro<\/strong> declar\u00f3 que <strong>\u00abse enfrentan los dos mejores equipos de Copa Chile. Hemos hecho una copa bastante sufrida, pero si estamos ac\u00e1 es porque lo merecemos\u00bb<\/strong>. Finalmente, calific\u00f3 a los azules como un rival dif\u00edcil. <strong>\u00abSi bien la \u00abU\u00bb no lo pas\u00f3 bien en el Apertura, por algo est\u00e1n ac\u00e1\u00bb, <\/strong>cerr\u00f3 sus palabras.<\/p>\n","protected":false},"excerpt":{"rendered":"<p>En la previa de la gran final de Copa Chile MTS 2015, los t\u00e9cnicos y capitanes de Universidad de Chile y Colo Colo entregaron sus impresiones a la hora de este nueva versi\u00f3n del Supercl\u00e1sico.<\/p>\n","protected":false},"author":21382,"featured_media":7896,"comment_status":"closed","ping_status":"open","sticky":false,"template":"","format":"standard","meta":{"footnotes":""},"categories":[18],"tags":[454,507,399,242,502,414,503,481,506,505,51,504,224,157,44,436,156],"class_list":{"0":"post-7894","1":"post","2":"type-post","3":"status-publish","4":"format-standard","5":"has-post-thumbnail","7":"category-actualidad","8":"tag-actualidad","9":"tag-archirrival","10":"tag-azules","11":"tag-capitan","12":"tag-colo-colo","13":"tag-copa-chile-mts-2015","14":"tag-estadio-la-portada","15":"tag-final","16":"tag-gonzalo-fierro","17":"tag-jose-luis-sierra","18":"tag-jose-rojas","19":"tag-la-serena","20":"tag-martin-lasarte","21":"tag-portada","22":"tag-superclasico","23":"tag-torneo-de-apertura-2015-2016","24":"tag-universidad-de-chile"},"_links":{"self":[{"href":"https:\/\/www.rincondelbulla.cl\/portal\/wp-json\/wp\/v2\/posts\/7894","targetHints":{"allow":["GET"]}}],"collection":[{"href":"https:\/\/www.rincondelbulla.cl\/portal\/wp-json\/wp\/v2\/posts"}],"about":[{"href":"https:\/\/www.rincondelbulla.cl\/portal\/wp-json\/wp\/v2\/types\/post"}],"author":[{"embeddable":true,"href":"https:\/\/www.rincondelbulla.cl\/portal\/wp-json\/wp\/v2\/users\/21382"}],"replies":[{"embeddable":true,"href":"https:\/\/www.rincondelbulla.cl\/portal\/wp-json\/wp\/v2\/comments?post=7894"}],"version-history":[{"count":1,"href":"https:\/\/www.rincondelbulla.cl\/portal\/wp-json\/wp\/v2\/posts\/7894\/revisions"}],"predecessor-version":[{"id":7897,"href":"https:\/\/www.rincondelbulla.cl\/portal\/wp-json\/wp\/v2\/posts\/7894\/revisions\/7897"}],"wp:featuredmedia":[{"embeddable":true,"href":"https:\/\/www.rincondelbulla.cl\/portal\/wp-json\/wp\/v2\/media\/7896"}],"wp:attachment":[{"href":"https:\/\/www.rincondelbulla.cl\/portal\/wp-json\/wp\/v2\/media?parent=7894"}],"wp:term":[{"taxonomy":"category","embeddable":true,"href":"https:\/\/www.rincondelbulla.cl\/portal\/wp-json\/wp\/v2\/categories?post=7894"},{"taxonomy":"post_tag","embeddable":true,"href":"https:\/\/www.rincondelbulla.cl\/portal\/wp-json\/wp\/v2\/tags?post=7894"}],"curies":[{"name":"wp","href":"https:\/\/api.w.org\/{rel}","templated":true}]}}