{"id":7899,"date":"2015-12-02T17:59:37","date_gmt":"2015-12-02T17:59:37","guid":{"rendered":"http:\/\/www.rincondelbulla.cl\/portal\/?p=7899"},"modified":"2016-02-25T12:33:39","modified_gmt":"2016-02-25T12:33:39","slug":"asi-formaria-la-u-en-la-final","status":"publish","type":"post","link":"https:\/\/www.rincondelbulla.cl\/portal\/2015\/12\/02\/asi-formaria-la-u-en-la-final\/","title":{"rendered":"As\u00ed formar\u00eda la U en la final"},"content":{"rendered":"<figure id=\"attachment_7901\" aria-describedby=\"caption-attachment-7901\" style=\"width: 1100px\" class=\"wp-caption alignnone\"><a href=\"http:\/\/www.rincondelbulla.cl\/portal\/wp-content\/uploads\/2015\/12\/el-equipo.jpg\"><img loading=\"lazy\" decoding=\"async\" class=\"size-full wp-image-7901\" src=\"http:\/\/www.rincondelbulla.cl\/portal\/wp-content\/uploads\/2015\/12\/el-equipo.jpg\" alt=\"Foto: Patricio Gonz\u00e1lez\" width=\"1100\" height=\"733\" srcset=\"https:\/\/www.rincondelbulla.cl\/portal\/wp-content\/uploads\/2015\/12\/el-equipo.jpg 1100w, https:\/\/www.rincondelbulla.cl\/portal\/wp-content\/uploads\/2015\/12\/el-equipo-300x200.jpg 300w, https:\/\/www.rincondelbulla.cl\/portal\/wp-content\/uploads\/2015\/12\/el-equipo-768x512.jpg 768w, https:\/\/www.rincondelbulla.cl\/portal\/wp-content\/uploads\/2015\/12\/el-equipo-696x464.jpg 696w, https:\/\/www.rincondelbulla.cl\/portal\/wp-content\/uploads\/2015\/12\/el-equipo-1068x712.jpg 1068w, https:\/\/www.rincondelbulla.cl\/portal\/wp-content\/uploads\/2015\/12\/el-equipo-630x420.jpg 630w\" sizes=\"auto, (max-width: 1100px) 100vw, 1100px\" \/><\/a><figcaption id=\"caption-attachment-7901\" class=\"wp-caption-text\">Foto: Patricio Gonz\u00e1lez<\/figcaption><\/figure>\n<p>Hoy mi\u00e9rcoles 2 de diciembre, la Universidad de Chile enfrentar\u00e1 a Colo Colo en una nueva final de Copa Chile MTS. Uno de los \u00faltimos objetivos por conseguir en el semestre, que despedir\u00eda al DT Mart\u00edn Lasarte de manera m\u00e1s que honorable.<\/p>\n<p><!--more--><\/p>\n<p>El t\u00e9cnico azul ya tendr\u00eda una plantilla pensada para ir a por el t\u00edtulo. Que ser\u00eda la siguiente:<\/p>\n<p><strong>Johnny Herrera en el arco; Mat\u00edas Rodr\u00edguez, Osvaldo Gonz\u00e1lez, Pepe Rojas y Paulo Magalhaes en defensa; Diego Gonz\u00e1lez, Leonardo Valencia, Guzm\u00e1n Pereira y Lorenzetti en el medio; para dejar en la delantera a Patricio Rubio y Sebasti\u00e1n Ubilla.<\/strong><\/p>\n<p>La \u00fanica duda que tendr\u00eda el uruguayo, ser\u00eda entorno a si poner desde el principio al juvenil Diego Gonz\u00e1lez -para cumplir los minutos reglamentarios- o en su lugar, poner a Math\u00edas Corujo.<\/p>\n<p>El equipo rival por su parte, formar\u00eda as\u00ed:<\/p>\n<p>Justo Villar; Gonzalo Fierro, Claudio Baeza (Paulo D\u00edaz), Julio Barroso, Cristi\u00e1n Guti\u00e9rrez; Esteban Pav\u00e9z, Jaime Vald\u00e9s, Emiliano Vecchio; Luis Pedro Figueroa, Esteban Paredes, Jean Beausejour.<\/p>\n","protected":false},"excerpt":{"rendered":"<p>Hoy mi\u00e9rcoles 2 de diciembre, la Universidad de Chile enfrentar\u00e1 a Colo Colo en una nueva final de Copa Chile MTS. Uno de los \u00faltimos objetivos por conseguir en el semestre, que despedir\u00eda al DT Mart\u00edn Lasarte de manera m\u00e1s que honorable.<\/p>\n","protected":false},"author":21383,"featured_media":7900,"comment_status":"closed","ping_status":"open","sticky":false,"template":"","format":"standard","meta":{"footnotes":""},"categories":[18],"tags":[454,157],"class_list":{"0":"post-7899","1":"post","2":"type-post","3":"status-publish","4":"format-standard","5":"has-post-thumbnail","7":"category-actualidad","8":"tag-actualidad","9":"tag-portada"},"_links":{"self":[{"href":"https:\/\/www.rincondelbulla.cl\/portal\/wp-json\/wp\/v2\/posts\/7899","targetHints":{"allow":["GET"]}}],"collection":[{"href":"https:\/\/www.rincondelbulla.cl\/portal\/wp-json\/wp\/v2\/posts"}],"about":[{"href":"https:\/\/www.rincondelbulla.cl\/portal\/wp-json\/wp\/v2\/types\/post"}],"author":[{"embeddable":true,"href":"https:\/\/www.rincondelbulla.cl\/portal\/wp-json\/wp\/v2\/users\/21383"}],"replies":[{"embeddable":true,"href":"https:\/\/www.rincondelbulla.cl\/portal\/wp-json\/wp\/v2\/comments?post=7899"}],"version-history":[{"count":2,"href":"https:\/\/www.rincondelbulla.cl\/portal\/wp-json\/wp\/v2\/posts\/7899\/revisions"}],"predecessor-version":[{"id":7903,"href":"https:\/\/www.rincondelbulla.cl\/portal\/wp-json\/wp\/v2\/posts\/7899\/revisions\/7903"}],"wp:featuredmedia":[{"embeddable":true,"href":"https:\/\/www.rincondelbulla.cl\/portal\/wp-json\/wp\/v2\/media\/7900"}],"wp:attachment":[{"href":"https:\/\/www.rincondelbulla.cl\/portal\/wp-json\/wp\/v2\/media?parent=7899"}],"wp:term":[{"taxonomy":"category","embeddable":true,"href":"https:\/\/www.rincondelbulla.cl\/portal\/wp-json\/wp\/v2\/categories?post=7899"},{"taxonomy":"post_tag","embeddable":true,"href":"https:\/\/www.rincondelbulla.cl\/portal\/wp-json\/wp\/v2\/tags?post=7899"}],"curies":[{"name":"wp","href":"https:\/\/api.w.org\/{rel}","templated":true}]}}