{"id":7930,"date":"2015-12-05T00:35:01","date_gmt":"2015-12-05T00:35:01","guid":{"rendered":"http:\/\/www.rincondelbulla.cl\/portal\/?p=7930"},"modified":"2015-12-05T00:35:01","modified_gmt":"2015-12-05T00:35:01","slug":"la-u-presento-su-traje-de-exitos-para-2016","status":"publish","type":"post","link":"https:\/\/www.rincondelbulla.cl\/portal\/2015\/12\/05\/la-u-presento-su-traje-de-exitos-para-2016\/","title":{"rendered":"La \u201cU\u201d present\u00f3 su traje de \u00e9xitos para 2016"},"content":{"rendered":"<figure id=\"attachment_7932\" aria-describedby=\"caption-attachment-7932\" style=\"width: 960px\" class=\"wp-caption alignnone\"><a href=\"http:\/\/www.rincondelbulla.cl\/portal\/wp-content\/uploads\/2015\/12\/Presentaci\u00f3n-Camiseta-2.jpg\"><img loading=\"lazy\" decoding=\"async\" class=\"size-full wp-image-7932\" src=\"http:\/\/www.rincondelbulla.cl\/portal\/wp-content\/uploads\/2015\/12\/Presentaci\u00f3n-Camiseta-2.jpg\" alt=\"Cinco judadores azules llegaron hasta el Costanera Center para ser parte de la presentaci\u00f3n d ela nueva indumentaria. Foto: Claudio C\u00e1ceres.\" width=\"960\" height=\"640\" srcset=\"https:\/\/www.rincondelbulla.cl\/portal\/wp-content\/uploads\/2015\/12\/Presentaci\u00f3n-Camiseta-2.jpg 960w, https:\/\/www.rincondelbulla.cl\/portal\/wp-content\/uploads\/2015\/12\/Presentaci\u00f3n-Camiseta-2-300x200.jpg 300w, https:\/\/www.rincondelbulla.cl\/portal\/wp-content\/uploads\/2015\/12\/Presentaci\u00f3n-Camiseta-2-768x512.jpg 768w, https:\/\/www.rincondelbulla.cl\/portal\/wp-content\/uploads\/2015\/12\/Presentaci\u00f3n-Camiseta-2-696x464.jpg 696w, https:\/\/www.rincondelbulla.cl\/portal\/wp-content\/uploads\/2015\/12\/Presentaci\u00f3n-Camiseta-2-630x420.jpg 630w\" sizes=\"auto, (max-width: 960px) 100vw, 960px\" \/><\/a><figcaption id=\"caption-attachment-7932\" class=\"wp-caption-text\">Cinco judadores azules llegaron hasta el Costanera Center para ser parte de la presentaci\u00f3n d ela nueva indumentaria. Foto: Claudio C\u00e1ceres.<\/figcaption><\/figure>\n<p><strong>En una actividad que estuvo marcada por la ausencia de Jos\u00e9 Rojas, quien horas antes anunci\u00f3 su despedida del club, Universidad de Chile presento su indumentaria para el siguiente a\u00f1o.<\/strong><!--more--><\/p>\n<p>Cientos de hinchas azules aguardaban a las afueras de la tienda Adidas del Malla Costanera Center. \u00bfLa raz\u00f3n? Parte de sus \u00eddolos, recientemente campeones de Copa Chile MTS 2015, ser\u00edan parte de la presentaci\u00f3n de la nueva camiseta e indumentaria oficial para este 2016.<\/p>\n<p>Pasadas las 14:00 hrs., tras un tel\u00f3n con el logo oficial del club y de la marca que viste a los azules, aparecieron Johnny Herrera, Mathias Corujo, Sebasti\u00e1n Mart\u00ednez, Mat\u00edas Rodr\u00edguez y Patricio Rubio , vestidos con su nueva tenida de combate para alcanzar logros durante 2016.<\/p>\n<p>Pese a la alegr\u00eda que se viv\u00eda en la tienda, se respiraba un ambiente extra\u00f1o: tras a\u00f1os siendo parte de la presentaci\u00f3n de la nueva camiseta, Jos\u00e9 Rojas se ausent\u00f3 de la cita. Horas antes, el capit\u00e1n azul hab\u00eda anunciado su adi\u00f3s del club que lo vio nacer y triunfar.<\/p>\n<p>Con quiz\u00e1s la nueva responsabilidad en su carrera, de ser nuevamente capit\u00e1n, Johnny Herrera entreg\u00f3 su impresi\u00f3n sobre la nueva indumentaria. <strong>\u00abSon los colores que siempre hemos tenido. Son los colores con los que nos hicimos hinchas y es un agrado poder vestirnos con ellos\u00bb<\/strong>, dijo el \u00eddolo y referente azul. Palabras que comparti\u00f3 Mat\u00edas Rodr\u00edguez. <strong>\u201cEst\u00e1 muy linda la camiseta. Hay que disfrutarla, aprovecharla y ganar\u201d<\/strong>, asegur\u00f3 el lateral.<\/p>\n<p>Como los hinchas son parte importante en la vida diaria de Universidad de Chile y a manera de agradecimiento, los jugadores se acercaron a la vitrina de la tienda para saludar a los fan\u00e1ticos que llegaron a entregarles su apoyo.<\/p>\n<div id=\"fb-root\">\u00a0<strong>INSPIRADA EN LA BARRA<\/strong><\/div>\n<p>Adidas asegur\u00f3 que la nueva camiseta est\u00e1 inspirada en la barra de Universidad de Chile, por lo que se quiso rescatar el azul y rojo que acompa\u00f1an su aliento incondicional y que desde la d\u00e9cada de los 80\u2019s acompa\u00f1a al Rom\u00e1ntico Viajero domingo a domingo, en las buenas y las malas, dejando claro su fidelidad al club.<\/p>\n","protected":false},"excerpt":{"rendered":"<p>En una actividad que estuvo marcada por la ausencia de Jos\u00e9 Rojas, quien horas antes anunci\u00f3 su despedida del club, Universidad de Chile presento su indumentaria para el siguiente a\u00f1o.<\/p>\n","protected":false},"author":21382,"featured_media":7931,"comment_status":"closed","ping_status":"open","sticky":false,"template":"","format":"standard","meta":{"footnotes":""},"categories":[18],"tags":[454,295,511,324,509,510,180,41,51,257,65,349,157,508,109],"class_list":{"0":"post-7930","1":"post","2":"type-post","3":"status-publish","4":"format-standard","5":"has-post-thumbnail","7":"category-actualidad","8":"tag-actualidad","9":"tag-adidas","10":"tag-barra","11":"tag-camiseta-nueva","12":"tag-camiseta-universidad-de-chile-2016","13":"tag-costanera-center","14":"tag-hinchas","15":"tag-johnny-herrera","16":"tag-jose-rojas","17":"tag-mathias-corujo","18":"tag-matias-rodriguez","19":"tag-patricio-rubio","20":"tag-portada","21":"tag-presentacion","22":"tag-sebastian-martinez"},"_links":{"self":[{"href":"https:\/\/www.rincondelbulla.cl\/portal\/wp-json\/wp\/v2\/posts\/7930","targetHints":{"allow":["GET"]}}],"collection":[{"href":"https:\/\/www.rincondelbulla.cl\/portal\/wp-json\/wp\/v2\/posts"}],"about":[{"href":"https:\/\/www.rincondelbulla.cl\/portal\/wp-json\/wp\/v2\/types\/post"}],"author":[{"embeddable":true,"href":"https:\/\/www.rincondelbulla.cl\/portal\/wp-json\/wp\/v2\/users\/21382"}],"replies":[{"embeddable":true,"href":"https:\/\/www.rincondelbulla.cl\/portal\/wp-json\/wp\/v2\/comments?post=7930"}],"version-history":[{"count":1,"href":"https:\/\/www.rincondelbulla.cl\/portal\/wp-json\/wp\/v2\/posts\/7930\/revisions"}],"predecessor-version":[{"id":7934,"href":"https:\/\/www.rincondelbulla.cl\/portal\/wp-json\/wp\/v2\/posts\/7930\/revisions\/7934"}],"wp:featuredmedia":[{"embeddable":true,"href":"https:\/\/www.rincondelbulla.cl\/portal\/wp-json\/wp\/v2\/media\/7931"}],"wp:attachment":[{"href":"https:\/\/www.rincondelbulla.cl\/portal\/wp-json\/wp\/v2\/media?parent=7930"}],"wp:term":[{"taxonomy":"category","embeddable":true,"href":"https:\/\/www.rincondelbulla.cl\/portal\/wp-json\/wp\/v2\/categories?post=7930"},{"taxonomy":"post_tag","embeddable":true,"href":"https:\/\/www.rincondelbulla.cl\/portal\/wp-json\/wp\/v2\/tags?post=7930"}],"curies":[{"name":"wp","href":"https:\/\/api.w.org\/{rel}","templated":true}]}}