{"id":7941,"date":"2015-12-06T01:52:09","date_gmt":"2015-12-06T01:52:09","guid":{"rendered":"http:\/\/www.rincondelbulla.cl\/portal\/?p=7941"},"modified":"2015-12-06T02:24:41","modified_gmt":"2015-12-06T02:24:41","slug":"en-su-ultimo-partido-la-u-derroto-a-a-huachipato-en-duelo-marcado-por-las-despedidas","status":"publish","type":"post","link":"https:\/\/www.rincondelbulla.cl\/portal\/2015\/12\/06\/en-su-ultimo-partido-la-u-derroto-a-a-huachipato-en-duelo-marcado-por-las-despedidas\/","title":{"rendered":"En su \u00faltimo partido la U derrot\u00f3 a a Huachipato en duelo marcado por las despedidas"},"content":{"rendered":"<p style=\"text-align: center;\"><a href=\"http:\/\/www.rincondelbulla.cl\/portal\/wp-content\/uploads\/2015\/12\/4.jpg\"><img loading=\"lazy\" decoding=\"async\" class=\"aligncenter size-full wp-image-7942\" src=\"http:\/\/www.rincondelbulla.cl\/portal\/wp-content\/uploads\/2015\/12\/4.jpg\" alt=\"4\" width=\"3648\" height=\"2432\" srcset=\"https:\/\/www.rincondelbulla.cl\/portal\/wp-content\/uploads\/2015\/12\/4.jpg 3648w, https:\/\/www.rincondelbulla.cl\/portal\/wp-content\/uploads\/2015\/12\/4-300x200.jpg 300w, https:\/\/www.rincondelbulla.cl\/portal\/wp-content\/uploads\/2015\/12\/4-768x512.jpg 768w, https:\/\/www.rincondelbulla.cl\/portal\/wp-content\/uploads\/2015\/12\/4-1200x800.jpg 1200w, https:\/\/www.rincondelbulla.cl\/portal\/wp-content\/uploads\/2015\/12\/4-696x464.jpg 696w, https:\/\/www.rincondelbulla.cl\/portal\/wp-content\/uploads\/2015\/12\/4-1068x712.jpg 1068w, https:\/\/www.rincondelbulla.cl\/portal\/wp-content\/uploads\/2015\/12\/4-630x420.jpg 630w\" sizes=\"auto, (max-width: 3648px) 100vw, 3648px\" \/><\/a>Foto: Claudio C\u00e1ceres<\/p>\n<p style=\"text-align: left;\"><strong>Universidad de Chile finaliz\u00f3 su participaci\u00f3n en el Torneo de Apertura 2015 con un triunfo ante los acereros, sin embargo el resultado pas\u00f3 a segundo plano y las emociones de las despedidas se tomaron el cotejo.<\/strong><!--more--><\/p>\n<p style=\"text-align: left;\">Un partido diferente se vivi\u00f3 hoy en el Estadio Nacional, el Rom\u00e1ntico Viajero saltaba al gramado de \u00d1u\u00f1oa con la idea de terminar de le mejor forma su mediocre actuaci\u00f3n en el torneo local. Sin embargo estas aspiraciones chocaban con el \u00e1nimo que qued\u00f3 tras la pol\u00e9mica reuni\u00f3n entre Beccacece y parte del equipo.<\/p>\n<p style=\"text-align: left;\">Varios jugadores fueron notificados la tarde de este viernes que no continuar\u00edan en el \u00a0club, esto a pesar, que muchos de los \u00abcortados\u00bb estaban considerados para el partido ante Huachipato.<\/p>\n<p style=\"text-align: left;\">As\u00ed con el \u00e1nimo bajo, y sabiendo que este encuentro marcar\u00eda la despedida de varios los azules lograron imponerse ante los acereros por 2-1.<\/p>\n<p style=\"text-align: left;\">Las anotaciones del Rom\u00e1ntico Viajero ocurrieron en la primera parte del cotejo tras groseros errores de la zaga de la usina.<\/p>\n<p style=\"text-align: left;\">Tras esto el partido fue dominado ampliamente por la U y en el complemento el gol de los sure\u00f1os s\u00f3lo pas\u00f3 a ser una an\u00e9cdota, es m\u00e1s, casi nadie se dio cuenta del gol, ya que el estadio completo homenajeaba al Capit\u00e1n, Jos\u00e9 Rojas.<\/p>\n<p style=\"text-align: left;\"><strong>HOMENAJE A PEPE Y LASARTE<\/strong><\/p>\n<p style=\"text-align: left;\">Antes del pitazo inicial la dirigencia del club rindi\u00f3 un emotivo homenaje al Capit\u00e1n azul que emprende el rumbo en busca de un nuevo destino distinto a la U, Carlos Heller le hizo entrega de una camiseta enmarcada con el n\u00famero de partidos que jug\u00f3 el zaguero por la U, el presidente de la concesionaria le dijo Rojas en medio de un fuerte abrazo \u00abTe quiero m\u00e1s que la chucha, perdona por lo que te hice pasar\u00bb.<\/p>\n<p style=\"text-align: left;\"><a href=\"http:\/\/www.rincondelbulla.cl\/portal\/wp-content\/uploads\/2015\/12\/10.jpg\"><img loading=\"lazy\" decoding=\"async\" class=\"aligncenter size-full wp-image-7943\" src=\"http:\/\/www.rincondelbulla.cl\/portal\/wp-content\/uploads\/2015\/12\/10.jpg\" alt=\"10\" width=\"3648\" height=\"2432\" srcset=\"https:\/\/www.rincondelbulla.cl\/portal\/wp-content\/uploads\/2015\/12\/10.jpg 3648w, https:\/\/www.rincondelbulla.cl\/portal\/wp-content\/uploads\/2015\/12\/10-300x200.jpg 300w, https:\/\/www.rincondelbulla.cl\/portal\/wp-content\/uploads\/2015\/12\/10-768x512.jpg 768w, https:\/\/www.rincondelbulla.cl\/portal\/wp-content\/uploads\/2015\/12\/10-1200x800.jpg 1200w, https:\/\/www.rincondelbulla.cl\/portal\/wp-content\/uploads\/2015\/12\/10-696x464.jpg 696w, https:\/\/www.rincondelbulla.cl\/portal\/wp-content\/uploads\/2015\/12\/10-1068x712.jpg 1068w, https:\/\/www.rincondelbulla.cl\/portal\/wp-content\/uploads\/2015\/12\/10-630x420.jpg 630w\" sizes=\"auto, (max-width: 3648px) 100vw, 3648px\" \/><\/a><\/p>\n<p style=\"text-align: center;\">Foto: Claudio C\u00e1ceres<\/p>\n<p style=\"text-align: left;\">Pero los homenajes continuaron y fue Mart\u00edn Lasarte quien se llev\u00f3 el cari\u00f1o del p\u00fablico y otra camiseta enmarcad con la leyenda \u00abGracias Mart\u00edn\u00bb y el n\u00famero 3, simbolizando los tres t\u00edtulos alcanzado durante su periodo como t\u00e9cnico azul.<\/p>\n<p style=\"text-align: left;\"><a href=\"http:\/\/www.rincondelbulla.cl\/portal\/wp-content\/uploads\/2015\/12\/14.jpg\"><img loading=\"lazy\" decoding=\"async\" class=\"size-full wp-image-7944\" src=\"http:\/\/www.rincondelbulla.cl\/portal\/wp-content\/uploads\/2015\/12\/14.jpg\" alt=\"14\" width=\"3648\" height=\"2432\" srcset=\"https:\/\/www.rincondelbulla.cl\/portal\/wp-content\/uploads\/2015\/12\/14.jpg 3648w, https:\/\/www.rincondelbulla.cl\/portal\/wp-content\/uploads\/2015\/12\/14-300x200.jpg 300w, https:\/\/www.rincondelbulla.cl\/portal\/wp-content\/uploads\/2015\/12\/14-768x512.jpg 768w, https:\/\/www.rincondelbulla.cl\/portal\/wp-content\/uploads\/2015\/12\/14-1200x800.jpg 1200w, https:\/\/www.rincondelbulla.cl\/portal\/wp-content\/uploads\/2015\/12\/14-696x464.jpg 696w, https:\/\/www.rincondelbulla.cl\/portal\/wp-content\/uploads\/2015\/12\/14-1068x712.jpg 1068w, https:\/\/www.rincondelbulla.cl\/portal\/wp-content\/uploads\/2015\/12\/14-630x420.jpg 630w\" sizes=\"auto, (max-width: 3648px) 100vw, 3648px\" \/><\/a><\/p>\n<p style=\"text-align: center;\">Foto: Claudio C\u00e1ceres<\/p>\n<p style=\"text-align: left;\">Pese al gesto de la concesionaria hacia Pepe y Lasarte, desde el sector sur se escucharon c\u00e1nticos en contra de Azul Azul por haber dejado partir al Capit\u00e1n m\u00e1s exitoso en la historia de la U. \u00abQue se quede Pepe Rojas y que se vaya Azul Azul, que se vayan esos buitres, que no quieren a la U\u00bb, se enton\u00f3 con fuerza desde galer\u00eda.<\/p>\n<p style=\"text-align: left;\">La jornada termin\u00f3 con el triunfo azul y con emocionado Jos\u00e9 Rojas que recibi\u00f3 el cari\u00f1o de sus compa\u00f1eros con un pasillo para homenajearlo.<\/p>\n","protected":false},"excerpt":{"rendered":"<p>Foto: Claudio C\u00e1ceres Universidad de Chile finaliz\u00f3 su participaci\u00f3n en el Torneo de Apertura 2015 con un triunfo ante los acereros, sin embargo el resultado pas\u00f3 a segundo plano y las emociones de las despedidas se tomaron el cotejo.<\/p>\n","protected":false},"author":56,"featured_media":7946,"comment_status":"closed","ping_status":"open","sticky":false,"template":"","format":"standard","meta":{"footnotes":""},"categories":[18],"tags":[454,258,200,157,156],"class_list":{"0":"post-7941","1":"post","2":"type-post","3":"status-publish","4":"format-standard","5":"has-post-thumbnail","7":"category-actualidad","8":"tag-actualidad","9":"tag-lasarte","10":"tag-pepe-rojas","11":"tag-portada","12":"tag-universidad-de-chile"},"_links":{"self":[{"href":"https:\/\/www.rincondelbulla.cl\/portal\/wp-json\/wp\/v2\/posts\/7941","targetHints":{"allow":["GET"]}}],"collection":[{"href":"https:\/\/www.rincondelbulla.cl\/portal\/wp-json\/wp\/v2\/posts"}],"about":[{"href":"https:\/\/www.rincondelbulla.cl\/portal\/wp-json\/wp\/v2\/types\/post"}],"author":[{"embeddable":true,"href":"https:\/\/www.rincondelbulla.cl\/portal\/wp-json\/wp\/v2\/users\/56"}],"replies":[{"embeddable":true,"href":"https:\/\/www.rincondelbulla.cl\/portal\/wp-json\/wp\/v2\/comments?post=7941"}],"version-history":[{"count":3,"href":"https:\/\/www.rincondelbulla.cl\/portal\/wp-json\/wp\/v2\/posts\/7941\/revisions"}],"predecessor-version":[{"id":7949,"href":"https:\/\/www.rincondelbulla.cl\/portal\/wp-json\/wp\/v2\/posts\/7941\/revisions\/7949"}],"wp:featuredmedia":[{"embeddable":true,"href":"https:\/\/www.rincondelbulla.cl\/portal\/wp-json\/wp\/v2\/media\/7946"}],"wp:attachment":[{"href":"https:\/\/www.rincondelbulla.cl\/portal\/wp-json\/wp\/v2\/media?parent=7941"}],"wp:term":[{"taxonomy":"category","embeddable":true,"href":"https:\/\/www.rincondelbulla.cl\/portal\/wp-json\/wp\/v2\/categories?post=7941"},{"taxonomy":"post_tag","embeddable":true,"href":"https:\/\/www.rincondelbulla.cl\/portal\/wp-json\/wp\/v2\/tags?post=7941"}],"curies":[{"name":"wp","href":"https:\/\/api.w.org\/{rel}","templated":true}]}}