{"id":7950,"date":"2015-12-06T04:04:20","date_gmt":"2015-12-06T04:04:20","guid":{"rendered":"http:\/\/www.rincondelbulla.cl\/portal\/?p=7950"},"modified":"2015-12-06T04:04:46","modified_gmt":"2015-12-06T04:04:46","slug":"tarde-de-despedidas-en-el-nacional","status":"publish","type":"post","link":"https:\/\/www.rincondelbulla.cl\/portal\/2015\/12\/06\/tarde-de-despedidas-en-el-nacional\/","title":{"rendered":"Tarde de despedidas en el Nacional"},"content":{"rendered":"<figure id=\"attachment_7951\" aria-describedby=\"caption-attachment-7951\" style=\"width: 2048px\" class=\"wp-caption alignnone\"><a href=\"http:\/\/www.rincondelbulla.cl\/portal\/wp-content\/uploads\/2015\/12\/Pepe-Rojas.jpg\"><img loading=\"lazy\" decoding=\"async\" class=\"size-full wp-image-7951\" src=\"http:\/\/www.rincondelbulla.cl\/portal\/wp-content\/uploads\/2015\/12\/Pepe-Rojas.jpg\" alt=\"Tras doec a\u00f1os en al instituci\u00f3n, se despidi\u00f3 como capit\u00e1n y con diez t\u00edtulos en sus palmares. Foto: Claudio C\u00e1ceres.\" width=\"2048\" height=\"1365\" srcset=\"https:\/\/www.rincondelbulla.cl\/portal\/wp-content\/uploads\/2015\/12\/Pepe-Rojas.jpg 2048w, https:\/\/www.rincondelbulla.cl\/portal\/wp-content\/uploads\/2015\/12\/Pepe-Rojas-300x200.jpg 300w, https:\/\/www.rincondelbulla.cl\/portal\/wp-content\/uploads\/2015\/12\/Pepe-Rojas-768x512.jpg 768w, https:\/\/www.rincondelbulla.cl\/portal\/wp-content\/uploads\/2015\/12\/Pepe-Rojas-1200x800.jpg 1200w, https:\/\/www.rincondelbulla.cl\/portal\/wp-content\/uploads\/2015\/12\/Pepe-Rojas-696x464.jpg 696w, https:\/\/www.rincondelbulla.cl\/portal\/wp-content\/uploads\/2015\/12\/Pepe-Rojas-1068x712.jpg 1068w, https:\/\/www.rincondelbulla.cl\/portal\/wp-content\/uploads\/2015\/12\/Pepe-Rojas-630x420.jpg 630w\" sizes=\"auto, (max-width: 2048px) 100vw, 2048px\" \/><\/a><figcaption id=\"caption-attachment-7951\" class=\"wp-caption-text\">Tras doce a\u00f1os en al instituci\u00f3n, Jos\u00e9 Rojas se despidi\u00f3 como capit\u00e1n y con diez t\u00edtulos en sus palmares. Mart\u00edn Lasarte tambi\u00e9n dijo adi\u00f3s a la Universidad de Chile. Foto: Claudio C\u00e1ceres.<\/figcaption><\/figure>\n<p><strong>Desde antes del pitazo inicial se comenz\u00f3 a vivir una emotiva jornada en el principal coliseo deportivo del pa\u00eds. Con doce a\u00f1os en el club y diez t\u00edtulos a su haber, el capit\u00e1n Jos\u00e9 Rojas dijo adi\u00f3s. El t\u00e9cnico Mart\u00edn Lasarte, que en a\u00f1o y medio consigui\u00f3 tres t\u00edtulos, tambi\u00e9n se despidi\u00f3.<\/strong><!--more--><\/p>\n<p>Desde que se inici\u00f3 el precalentamiento previo se comenzaron a escuchar cantos en su honor. Este viernes, Jos\u00e9 Rojas anunci\u00f3 que se iba de la \u201cU\u201d y este s\u00e1bado afrontaba su \u00faltimo partido como capit\u00e1n azul. \u201cPepe, Pepe querido\u2026\u201d acompa\u00f1aba el trote del multicampe\u00f3n con los universitarios.<\/p>\n<p>Al salir los equipos a la cancha, nuevamente se homenaje\u00f3 a Rojas. La concesionaria Azul Azul le entreg\u00f3 una camiseta conmemorativa como recuerdo y agradecimiento a los que el capit\u00e1n hab\u00eda hecho en los doce a\u00f1os que fue parte de la instituci\u00f3n. Brazos al cielo, Pepe salud\u00f3 nuevamente los cantos que ca\u00edan desde todas partes del Nacional.<\/p>\n<p>Inicio del partido. Jos\u00e9 Rojas complet\u00f3 un buen desempe\u00f1o en la cancha. Esto hasta el minuto 56. Gonzalo Espinoza esperaba al borde de la cancha, entre aplausos Pepe de desped\u00eda de cada uno de sus compa\u00f1eros, algunos rivales e incluso el \u00e1rbitro Piero Maza. Se acababa el ciclo de Jos\u00e9 Rojas como capit\u00e1n de la \u201cU\u201d dentro de un campo de juego. Camino al banco de suplentes los v\u00edtores de los hinchas no cesaban. \u201cPepe querido\u201d, \u201cOooh, Dale Capit\u00e1n\u201d y el tradicional \u201cHan pasado muchos a\u00f1os\u201d acompa\u00f1aron el paso triste de Rojas. En su camino lo abraz\u00f3 efusivamente Mart\u00edn Lasarte y sus compa\u00f1eros de la suplencia. Ah\u00ed se qued\u00f3 hasta el final del encuentro.<\/p>\n<p>Pitazo final de Piero Maza y el homenaje se desat\u00f3. Con su hijo en brazos, Jos\u00e9 Rojas se despidi\u00f3 y agradeci\u00f3 emocionado a los hinchas que llegaron al estadio para decirle adi\u00f3s desde las gradas. Su camino al t\u00fanel fue acompa\u00f1ado por un pasillo de honor hecho por sus compa\u00f1eros. Pepe dejaba el campo de juego. Su \u00faltima salida del camar\u00edn no fue diferente. Cantos y un lienzo lo despidieron. Ya era hora de decir adi\u00f3s al referente.<\/p>\n<p>&nbsp;<\/p>\n<p><strong>\u00abEstoy agradecido de la vida, de toda mi gente, de la gente de la U, me siento un privilegiado y volver\u00e9, no s\u00e9 en qu\u00e9 circunstancias, pero volver\u00e9<\/strong>\u00a0<strong>en alg\u00fan momento al club\u00bb<\/strong>, declar\u00f3 un emocionado Jos\u00e9 Rojas al CDF antes de abandonar el campo de juego. Consultado sobre sus sensaciones, Pepe asegur\u00f3 que en las \u00faltimas horas vistiendo de azul record\u00f3 <strong>\u00abcuando uno empez\u00f3, cuando tomaba la micro, a veces sin siquiera tener plata para la locomoci\u00f3n y hoy d\u00eda verme, en un escenario totalmente diferente, de verdad que agradecido de Dios, de mi familia y de la gente de la U. Solamente desearle \u00e9xito en todo lo que viene\u00bb.<\/strong><\/p>\n<p>Fue el adi\u00f3s de un capit\u00e1n.<\/p>\n<p><strong>LASARTE TAMBI\u00c9N NOS DEJA<\/strong><\/p>\n<p>Si bien desde hace tiempo se rumoreaba y sab\u00eda de la salida de Mart\u00edn Lasarte del banco universitario, lo vivido este s\u00e1bado no fue diferente.<\/p>\n<p>Antes del inicio del encuentro, y al igual que a Jos\u00e9 Rojas, la dirigencia le brind\u00f3 un sencillo homenaje y entreg\u00f3 una camiseta conmemorativa. Esto acompa\u00f1ado de los aplausos del p\u00fablico.<\/p>\n<figure id=\"attachment_7944\" aria-describedby=\"caption-attachment-7944\" style=\"width: 3648px\" class=\"wp-caption alignnone\"><a href=\"http:\/\/www.rincondelbulla.cl\/portal\/wp-content\/uploads\/2015\/12\/14.jpg\"><img loading=\"lazy\" decoding=\"async\" class=\"size-full wp-image-7944\" src=\"http:\/\/www.rincondelbulla.cl\/portal\/wp-content\/uploads\/2015\/12\/14.jpg\" alt=\"Carlos Helelr hace entrega de una camiseta conmemorativa a Mart\u00edn Lasarte. Foto: Claudio C\u00e1ceres.\" width=\"3648\" height=\"2432\" srcset=\"https:\/\/www.rincondelbulla.cl\/portal\/wp-content\/uploads\/2015\/12\/14.jpg 3648w, https:\/\/www.rincondelbulla.cl\/portal\/wp-content\/uploads\/2015\/12\/14-300x200.jpg 300w, https:\/\/www.rincondelbulla.cl\/portal\/wp-content\/uploads\/2015\/12\/14-768x512.jpg 768w, https:\/\/www.rincondelbulla.cl\/portal\/wp-content\/uploads\/2015\/12\/14-1200x800.jpg 1200w, https:\/\/www.rincondelbulla.cl\/portal\/wp-content\/uploads\/2015\/12\/14-696x464.jpg 696w, https:\/\/www.rincondelbulla.cl\/portal\/wp-content\/uploads\/2015\/12\/14-1068x712.jpg 1068w, https:\/\/www.rincondelbulla.cl\/portal\/wp-content\/uploads\/2015\/12\/14-630x420.jpg 630w\" sizes=\"auto, (max-width: 3648px) 100vw, 3648px\" \/><\/a><figcaption id=\"caption-attachment-7944\" class=\"wp-caption-text\">Carlos Heller hace entrega de una camiseta conmemorativa a Mart\u00edn Lasarte. Foto: Claudio C\u00e1ceres.<\/figcaption><\/figure>\n<p>Durante el desarrollo del encuentro se mostr\u00f3 inquieto. Alentaba a sus dirigidos y sufr\u00eda con las aproximaciones erradas. En el minuto 56, cuando sale Pepe Rojas de la cancha, s ele acerc\u00f3, abraz\u00f3 y dijo algo al o\u00eddo. Al finalizar el partido, sali\u00f3 raudo del campo de juego, dirigi\u00e9ndose a camarines.<\/p>\n<p>Ya en lo que fue su \u00faltima conferencia de prensa, al mando de los azules, Lasarte dijo estar <strong>\u00abmuy agradecido de este grupo de jugadores que nos ha hecho ser campeones, levantar copas,\u00a0colgarnos medallas<\/strong>\u00a0<strong>y que ese prestigio despu\u00e9s trascienda de Chile y te llamen de otros sitios que a uno lo sorprende\u00bb. <\/strong>Agreg\u00f3 que \u00ab<strong>como conductor<\/strong>,\u00a0<strong>tener la posibilidad de que futbolistas reconocidos, ganadores, campeones, que no me deben nada, me entreguen una adhesi\u00f3n as\u00ed, no s\u00e9 si hay un premio econ\u00f3mico que pueda pagar eso\u00bb<\/strong><strong>.<\/strong><\/p>\n<p>Sobre su futuro inmediato, \u201cMachete\u201d dijo que <strong>\u00abahora hay que<strong>\u00a0volver a casa, estar con la familia, descansar, recuperarme del tema que me aquej\u00f3 y preparar el pr\u00f3ximo desaf\u00edo deportivo. Todo lo que me ha tocado vivir hay que tomarlo como experiencia, lo bueno y lo malo\u00bb<\/strong><\/strong><strong>, <\/strong>no descartando incluso poder radicarse en Chile en el corto plazo junto a\u00a0 su familia.<\/p>\n<p>Mart\u00edn Lasarte dej\u00f3 el club tras permanecer un a\u00f1o y medio, cosechando tres t\u00edtulos para la instituci\u00f3n: el Torneo Apertura 2014-2015, la Supercopa del F\u00fatbol Chileno y la reciente Copa Chile MTS 2015.<\/p>\n<p>\u00a1\u00a1\u00a1Gracias por todo profesor!!!<\/p>\n","protected":false},"excerpt":{"rendered":"<p>Desde antes del pitazo inicial se comenz\u00f3 a vivir una emotiva jornada en el principal coliseo deportivo del pa\u00eds. Con doce a\u00f1os en el club y diez t\u00edtulos a su haber, el capit\u00e1n Jos\u00e9 Rojas dijo adi\u00f3s. El t\u00e9cnico Mart\u00edn Lasarte, que en a\u00f1o y medio consigui\u00f3 tres t\u00edtulos, tambi\u00e9n se despidi\u00f3.<\/p>\n","protected":false},"author":21382,"featured_media":7952,"comment_status":"closed","ping_status":"open","sticky":false,"template":"","format":"standard","meta":{"footnotes":""},"categories":[18],"tags":[454,174,517,192,520,414,514,424,261,516,51,224,515,157,519,518],"class_list":{"0":"post-7950","1":"post","2":"type-post","3":"status-publish","4":"format-standard","5":"has-post-thumbnail","7":"category-actualidad","8":"tag-actualidad","9":"tag-azul-azul","10":"tag-camiseta","11":"tag-carlos-heller","12":"tag-cdf","13":"tag-copa-chile-mts-2015","14":"tag-despedida","15":"tag-estadio-nacional","16":"tag-gonzalo-espinoza","17":"tag-homenaje","18":"tag-jose-rojas","19":"tag-martin-lasarte","20":"tag-piero-maza","21":"tag-portada","22":"tag-torneo-apertura-2014-2015","23":"tag-universiadad-de-chile"},"_links":{"self":[{"href":"https:\/\/www.rincondelbulla.cl\/portal\/wp-json\/wp\/v2\/posts\/7950","targetHints":{"allow":["GET"]}}],"collection":[{"href":"https:\/\/www.rincondelbulla.cl\/portal\/wp-json\/wp\/v2\/posts"}],"about":[{"href":"https:\/\/www.rincondelbulla.cl\/portal\/wp-json\/wp\/v2\/types\/post"}],"author":[{"embeddable":true,"href":"https:\/\/www.rincondelbulla.cl\/portal\/wp-json\/wp\/v2\/users\/21382"}],"replies":[{"embeddable":true,"href":"https:\/\/www.rincondelbulla.cl\/portal\/wp-json\/wp\/v2\/comments?post=7950"}],"version-history":[{"count":2,"href":"https:\/\/www.rincondelbulla.cl\/portal\/wp-json\/wp\/v2\/posts\/7950\/revisions"}],"predecessor-version":[{"id":7954,"href":"https:\/\/www.rincondelbulla.cl\/portal\/wp-json\/wp\/v2\/posts\/7950\/revisions\/7954"}],"wp:featuredmedia":[{"embeddable":true,"href":"https:\/\/www.rincondelbulla.cl\/portal\/wp-json\/wp\/v2\/media\/7952"}],"wp:attachment":[{"href":"https:\/\/www.rincondelbulla.cl\/portal\/wp-json\/wp\/v2\/media?parent=7950"}],"wp:term":[{"taxonomy":"category","embeddable":true,"href":"https:\/\/www.rincondelbulla.cl\/portal\/wp-json\/wp\/v2\/categories?post=7950"},{"taxonomy":"post_tag","embeddable":true,"href":"https:\/\/www.rincondelbulla.cl\/portal\/wp-json\/wp\/v2\/tags?post=7950"}],"curies":[{"name":"wp","href":"https:\/\/api.w.org\/{rel}","templated":true}]}}