{"id":8037,"date":"2016-01-12T17:07:53","date_gmt":"2016-01-12T17:07:53","guid":{"rendered":"http:\/\/www.rincondelbulla.cl\/portal\/?p=8037"},"modified":"2016-01-12T17:07:53","modified_gmt":"2016-01-12T17:07:53","slug":"joao-ortiz-creo-que-tengo-mas-posibilidades-de-jugar-ahora","status":"publish","type":"post","link":"https:\/\/www.rincondelbulla.cl\/portal\/2016\/01\/12\/joao-ortiz-creo-que-tengo-mas-posibilidades-de-jugar-ahora\/","title":{"rendered":"Joao Ortiz: \u201cCreo que tengo m\u00e1s posibilidades de jugar ahora\u00bb"},"content":{"rendered":"<figure id=\"attachment_7390\" aria-describedby=\"caption-attachment-7390\" style=\"width: 999px\" class=\"wp-caption alignnone\"><a href=\"http:\/\/www.rincondelbulla.cl\/portal\/wp-content\/uploads\/2015\/07\/1.jpg\"><img loading=\"lazy\" decoding=\"async\" class=\"wp-image-7390 size-full\" src=\"http:\/\/www.rincondelbulla.cl\/portal\/wp-content\/uploads\/2015\/07\/1.jpg\" alt=\"El lateral coment\u00f3 las primeras semanas de trabajo al mando de Beccacece y mostr\u00f3 su confianza que el plantel luchar\u00e1 por todos los desaf\u00edos de este semestre - Foto: Claudio C\u00e1ceres\" width=\"999\" height=\"666\" srcset=\"https:\/\/www.rincondelbulla.cl\/portal\/wp-content\/uploads\/2015\/07\/1.jpg 999w, https:\/\/www.rincondelbulla.cl\/portal\/wp-content\/uploads\/2015\/07\/1-300x200.jpg 300w, https:\/\/www.rincondelbulla.cl\/portal\/wp-content\/uploads\/2015\/07\/1-768x512.jpg 768w, https:\/\/www.rincondelbulla.cl\/portal\/wp-content\/uploads\/2015\/07\/1-696x464.jpg 696w, https:\/\/www.rincondelbulla.cl\/portal\/wp-content\/uploads\/2015\/07\/1-630x420.jpg 630w\" sizes=\"auto, (max-width: 999px) 100vw, 999px\" \/><\/a><figcaption id=\"caption-attachment-7390\" class=\"wp-caption-text\">El lateral coment\u00f3 las primeras semanas de trabajo al mando de Beccacece y mostr\u00f3 su confianza que el plantel luchar\u00e1 por todos los desaf\u00edos de este semestre &#8211; Foto: Claudio C\u00e1ceres<\/figcaption><\/figure>\n<p><strong>Se aproxima el inicio del Torneo de Clausura 2015-2016 para Universidad de Chile y los trabajos del plantel se intensifican. Saben que\u00a0\u00a0existe escaso margen de error para este semestre, por lo que trabajan para llegar en el optimo rendimiento a los primeros desaf\u00edos.<\/strong><!--more--><\/p>\n<p>Confiado en lo que ser\u00e1 este a\u00f1o en lo personal y que podr\u00e1 ganarse un puesto en la titularidad se mostr\u00f3 este martes Joao Ortiz.\u00a0<strong>\u201cCreo que tengo m\u00e1s posibilidades de jugar ahora. He tenido m\u00e1s confianza que en el campeonato pasado y eso te da las posibilidades de poder jugar\u201d, <\/strong>dijo en conferencia de prensa. Asegur\u00f3 que se debe trabajar en los entrenamientos para poder ganarse un puesto en la oncena titular cada fin de semana, al mismo tiempo que reconoci\u00f3 que ve m\u00e1s posibilidades de jugar si Beccacece implementa una l\u00ednea tres en el fondo y le da m\u00e1s posibilidades de aportar en ataque.<\/p>\n<p>Sobre los primeros d\u00edas de trabajo al mando del nuevo cuerpo t\u00e9cnico de Sebasti\u00e1n Beccacece, el lateral izquierdo indic\u00f3 que <strong>\u00abestas semanas han sido fuertes, el sistema del es duro. Trabajamos en doble turno y los entrenamientos son cortos, pero intensos\u201d<\/strong>. Consultado sobre c\u00f3mo han asimilado la estrategia que el nuevo entrenador quiere plasmar en el equipo y c\u00f3mo llegan al debut del fin de semana contra Antofagasta por el Torneo de Clausura 2015-2016, \u00a0Ortiz dijo que <strong>\u00abla idea ya la tenemos y debemos mostrarla el fin de semana<\/strong>\u00ab. Alab\u00f3 la forma de trabajo del ex ayudante t\u00e9cnico de la selecci\u00f3n chilena, por su cercan\u00eda al plantel, lo que genera confianza.<\/p>\n<p>Con respecto a los refuerzos, Joao Ortiz dijo que el plantel solo sabe del arribo de Luis Fari\u00f1a, a quien catalog\u00f3 de <strong>\u201cun gran jugador\u201d<\/strong> y que esperan que se integre pronto al plantel. Sobre la posibilidad que llegue alg\u00fan refuerzo es su zona, asegur\u00f3 que eso pasa por la decisi\u00f3n del entrenador y que se debe luchar por un puesto.<\/p>\n<p>Finalmente Joao Ortiz asegur\u00f3 que Universidad de Chile tiene plantel para luchar en todos los frentes en que participar\u00e1 este 2016. tambi\u00e9n alab\u00f3 el cambio de horario de los partidos durante el verano, cuando se registran altas temperaturas que atentan contra el normal desarrollo del espect\u00e1culo del f\u00fatbol.<\/p>\n","protected":false},"excerpt":{"rendered":"<p>Se aproxima el inicio del Torneo de Clausura 2015-2016 para Universidad de Chile y los trabajos del plantel se intensifican. Saben que\u00a0\u00a0existe escaso margen de error para este semestre, por lo que trabajan para llegar en el optimo rendimiento a los primeros desaf\u00edos.<\/p>\n","protected":false},"author":21382,"featured_media":7391,"comment_status":"closed","ping_status":"open","sticky":false,"template":"","format":"standard","meta":{"footnotes":""},"categories":[18],"tags":[454,365,417,532,157,235,537,538,156],"class_list":{"0":"post-8037","1":"post","2":"type-post","3":"status-publish","4":"format-standard","5":"has-post-thumbnail","7":"category-actualidad","8":"tag-actualidad","9":"tag-antofagasta","10":"tag-joao-ortiz","11":"tag-luis-farina","12":"tag-portada","13":"tag-refuerzos","14":"tag-sebastian-beccacece","15":"tag-torneo-clausura-2015-2016","16":"tag-universidad-de-chile"},"_links":{"self":[{"href":"https:\/\/www.rincondelbulla.cl\/portal\/wp-json\/wp\/v2\/posts\/8037","targetHints":{"allow":["GET"]}}],"collection":[{"href":"https:\/\/www.rincondelbulla.cl\/portal\/wp-json\/wp\/v2\/posts"}],"about":[{"href":"https:\/\/www.rincondelbulla.cl\/portal\/wp-json\/wp\/v2\/types\/post"}],"author":[{"embeddable":true,"href":"https:\/\/www.rincondelbulla.cl\/portal\/wp-json\/wp\/v2\/users\/21382"}],"replies":[{"embeddable":true,"href":"https:\/\/www.rincondelbulla.cl\/portal\/wp-json\/wp\/v2\/comments?post=8037"}],"version-history":[{"count":1,"href":"https:\/\/www.rincondelbulla.cl\/portal\/wp-json\/wp\/v2\/posts\/8037\/revisions"}],"predecessor-version":[{"id":8038,"href":"https:\/\/www.rincondelbulla.cl\/portal\/wp-json\/wp\/v2\/posts\/8037\/revisions\/8038"}],"wp:featuredmedia":[{"embeddable":true,"href":"https:\/\/www.rincondelbulla.cl\/portal\/wp-json\/wp\/v2\/media\/7391"}],"wp:attachment":[{"href":"https:\/\/www.rincondelbulla.cl\/portal\/wp-json\/wp\/v2\/media?parent=8037"}],"wp:term":[{"taxonomy":"category","embeddable":true,"href":"https:\/\/www.rincondelbulla.cl\/portal\/wp-json\/wp\/v2\/categories?post=8037"},{"taxonomy":"post_tag","embeddable":true,"href":"https:\/\/www.rincondelbulla.cl\/portal\/wp-json\/wp\/v2\/tags?post=8037"}],"curies":[{"name":"wp","href":"https:\/\/api.w.org\/{rel}","templated":true}]}}