{"id":8040,"date":"2016-01-13T00:43:37","date_gmt":"2016-01-13T00:43:37","guid":{"rendered":"http:\/\/www.rincondelbulla.cl\/portal\/?p=8040"},"modified":"2016-01-13T00:48:38","modified_gmt":"2016-01-13T00:48:38","slug":"conoce-al-nuevo-mediapunta-de-la-u","status":"publish","type":"post","link":"https:\/\/www.rincondelbulla.cl\/portal\/2016\/01\/13\/conoce-al-nuevo-mediapunta-de-la-u\/","title":{"rendered":"Conoce al nuevo mediapunta de la U"},"content":{"rendered":"<p><a href=\"http:\/\/www.rincondelbulla.cl\/portal\/wp-content\/uploads\/2016\/01\/RC-Deportivo-La-Coruna-v-Real-Madrid-CF-La-FHzsCJTxeJal.jpg\"><img loading=\"lazy\" decoding=\"async\" class=\"size-full wp-image-8044 aligncenter\" src=\"http:\/\/www.rincondelbulla.cl\/portal\/wp-content\/uploads\/2016\/01\/RC-Deportivo-La-Coruna-v-Real-Madrid-CF-La-FHzsCJTxeJal.jpg\" alt=\"RC+Deportivo+La+Coruna+v+Real+Madrid+CF+La+FHzsCJTxeJal\" width=\"594\" height=\"395\" srcset=\"https:\/\/www.rincondelbulla.cl\/portal\/wp-content\/uploads\/2016\/01\/RC-Deportivo-La-Coruna-v-Real-Madrid-CF-La-FHzsCJTxeJal.jpg 594w, https:\/\/www.rincondelbulla.cl\/portal\/wp-content\/uploads\/2016\/01\/RC-Deportivo-La-Coruna-v-Real-Madrid-CF-La-FHzsCJTxeJal-300x199.jpg 300w\" sizes=\"auto, (max-width: 594px) 100vw, 594px\" \/><\/a><\/p>\n<p><strong>Durante este martes, el primer refuerzo de la era Beccacece, Luis Fari\u00f1a, aprob\u00f3 los ex\u00e1menes m\u00e9dicos y tendr\u00eda todo listo para ser presentado durante esta semana.<\/strong><\/p>\n<p><!--more--><\/p>\n<p>El jugador de 24 a\u00f1os, viene a reforzar una zona que ha sido cr\u00edtica para el equipo azul en las \u00faltimas temporadas.<\/p>\n<p>Formado en Racing de Avellaneda, el mediapunta dio el salto a Europa en 2013, cuando fue vendido al Benfica de Portugal por 4.5 millones de d\u00f3lares. De ah\u00ed en adelante ha estado a pr\u00e9stamo en equipo como Deportivo La Coru\u00f1a y Rayo Vallecano, su \u00faltimo club donde no fue muy tenido en cuenta.<\/p>\n<figure id=\"attachment_8042\" aria-describedby=\"caption-attachment-8042\" style=\"width: 136px\" class=\"wp-caption alignright\"><a href=\"http:\/\/www.rincondelbulla.cl\/portal\/wp-content\/uploads\/2016\/01\/fari\u00f1a.png\"><img loading=\"lazy\" decoding=\"async\" class=\" wp-image-8042\" src=\"http:\/\/www.rincondelbulla.cl\/portal\/wp-content\/uploads\/2016\/01\/fari\u00f1a.png\" alt=\"Fari\u00f1a ya luce la indumentaria del equipo\" width=\"136\" height=\"300\" srcset=\"https:\/\/www.rincondelbulla.cl\/portal\/wp-content\/uploads\/2016\/01\/fari\u00f1a.png 191w, https:\/\/www.rincondelbulla.cl\/portal\/wp-content\/uploads\/2016\/01\/fari\u00f1a-136x300.png 136w\" sizes=\"auto, (max-width: 136px) 100vw, 136px\" \/><\/a><figcaption id=\"caption-attachment-8042\" class=\"wp-caption-text\">Fari\u00f1a ya luce la indumentaria azul.<\/figcaption><\/figure>\n<p>Pero hoy su futuro parece cambiar, torn\u00e1ndose m\u00e1s azul. El jugador llega emocionado y con optimismo: \u00ab<strong>Hice fuerzas para llegar ac\u00e1. Quiz\u00e1s los \u00faltimos meses no fueron de mucho juego, pero trabaj\u00e9 normalmente\u00bb<\/strong>.<\/p>\n<p>Sobre su nuevo club, Fari\u00f1a es claro: \u00ab<strong>S\u00e9 que llego a un club grande, que siempre pelea cosas importantes. Ahora tiene lindos desaf\u00edos por delante y llego muy emocionado<\/strong>\u00ab, se\u00f1al\u00f3 a La Cuarta.<\/p>\n<p>En cuanto a lo que puede aportar al equipo, el trasandino explica que <strong>\u00abjuega de mediapunta, pero que en Europa lo hehecho por fuera. Puedo acomodarme a los dos sectores\u00bb.<\/strong><\/p>\n<p>Cabe destacar que Fari\u00f1a llegar\u00eda para jugar los pr\u00f3ximos seis meses por la Universidad de Chile, con una posible opci\u00f3n de compra del 50% de su pase.<\/p>\n<p>Aqu\u00ed te dejamos un video de c\u00f3mo juega el nuevo refuerzo azul:<\/p>\n<div class=\"youtube-embed\" data-video_id=\"F_KSywuS63I\"><iframe loading=\"lazy\" width=\"696\" height=\"522\" src=\"https:\/\/www.youtube.com\/embed\/F_KSywuS63I?feature=oembed&#038;enablejsapi=1\" frameborder=\"0\" allow=\"accelerometer; autoplay; encrypted-media; gyroscope; picture-in-picture\" allowfullscreen><\/iframe><\/div>\n","protected":false},"excerpt":{"rendered":"<p>Durante este martes, el primer refuerzo de la era Beccacece, Luis Fari\u00f1a, aprob\u00f3 los ex\u00e1menes m\u00e9dicos y tendr\u00eda todo listo para ser presentado durante esta semana.<\/p>\n","protected":false},"author":21383,"featured_media":8044,"comment_status":"closed","ping_status":"open","sticky":false,"template":"","format":"standard","meta":{"footnotes":""},"categories":[18],"tags":[157],"class_list":{"0":"post-8040","1":"post","2":"type-post","3":"status-publish","4":"format-standard","5":"has-post-thumbnail","7":"category-actualidad","8":"tag-portada"},"_links":{"self":[{"href":"https:\/\/www.rincondelbulla.cl\/portal\/wp-json\/wp\/v2\/posts\/8040","targetHints":{"allow":["GET"]}}],"collection":[{"href":"https:\/\/www.rincondelbulla.cl\/portal\/wp-json\/wp\/v2\/posts"}],"about":[{"href":"https:\/\/www.rincondelbulla.cl\/portal\/wp-json\/wp\/v2\/types\/post"}],"author":[{"embeddable":true,"href":"https:\/\/www.rincondelbulla.cl\/portal\/wp-json\/wp\/v2\/users\/21383"}],"replies":[{"embeddable":true,"href":"https:\/\/www.rincondelbulla.cl\/portal\/wp-json\/wp\/v2\/comments?post=8040"}],"version-history":[{"count":3,"href":"https:\/\/www.rincondelbulla.cl\/portal\/wp-json\/wp\/v2\/posts\/8040\/revisions"}],"predecessor-version":[{"id":8046,"href":"https:\/\/www.rincondelbulla.cl\/portal\/wp-json\/wp\/v2\/posts\/8040\/revisions\/8046"}],"wp:featuredmedia":[{"embeddable":true,"href":"https:\/\/www.rincondelbulla.cl\/portal\/wp-json\/wp\/v2\/media\/8044"}],"wp:attachment":[{"href":"https:\/\/www.rincondelbulla.cl\/portal\/wp-json\/wp\/v2\/media?parent=8040"}],"wp:term":[{"taxonomy":"category","embeddable":true,"href":"https:\/\/www.rincondelbulla.cl\/portal\/wp-json\/wp\/v2\/categories?post=8040"},{"taxonomy":"post_tag","embeddable":true,"href":"https:\/\/www.rincondelbulla.cl\/portal\/wp-json\/wp\/v2\/tags?post=8040"}],"curies":[{"name":"wp","href":"https:\/\/api.w.org\/{rel}","templated":true}]}}