{"id":8211,"date":"2016-02-08T14:27:47","date_gmt":"2016-02-08T14:27:47","guid":{"rendered":"http:\/\/www.rincondelbulla.cl\/portal\/?p=8211"},"modified":"2016-02-08T15:20:12","modified_gmt":"2016-02-08T15:20:12","slug":"beccacece-autocritico-falta-mucho-para-encontrar-a-la-u-que-queremos","status":"publish","type":"post","link":"https:\/\/www.rincondelbulla.cl\/portal\/2016\/02\/08\/beccacece-autocritico-falta-mucho-para-encontrar-a-la-u-que-queremos\/","title":{"rendered":"Beccacece autocr\u00edtico: \u00abFalta mucho para encontrar a la U que queremos\u00bb"},"content":{"rendered":"<figure id=\"attachment_8214\" aria-describedby=\"caption-attachment-8214\" style=\"width: 635px\" class=\"wp-caption aligncenter\"><img loading=\"lazy\" decoding=\"async\" class=\"size-full wp-image-8214\" src=\"http:\/\/www.rincondelbulla.cl\/portal\/wp-content\/uploads\/2016\/02\/Beccacece-I.jpg\" alt=\"Foto: Claudio C\u00e1ceres\" width=\"635\" height=\"423\" srcset=\"https:\/\/www.rincondelbulla.cl\/portal\/wp-content\/uploads\/2016\/02\/Beccacece-I.jpg 635w, https:\/\/www.rincondelbulla.cl\/portal\/wp-content\/uploads\/2016\/02\/Beccacece-I-300x200.jpg 300w, https:\/\/www.rincondelbulla.cl\/portal\/wp-content\/uploads\/2016\/02\/Beccacece-I-630x420.jpg 630w\" sizes=\"auto, (max-width: 635px) 100vw, 635px\" \/><figcaption id=\"caption-attachment-8214\" class=\"wp-caption-text\">Foto: Claudio C\u00e1ceres<\/figcaption><\/figure>\n<p><strong>El T\u00e9cnico del Rom\u00e1ntico Viajero analiz\u00f3 el actual momento azul y si bien, rescat\u00f3 que el mensaje del juego est\u00e1 claro, se\u00f1al\u00f3 que hay mucho que trabajar para plasmar ese mensaje en el juego..<\/strong><!--more--><\/p>\n<p>En la antesala del crucial duelo ante River Plate de Uruguay, Sebasti\u00e1n Beccecece convers\u00f3 con los medios e comunicaci\u00f3n apostado en el Centro Deportivo Azul.<\/p>\n<p>La tarea no es f\u00e1cil en este duelo, los azules deben remontar una derrota por 2-0 en su visita a Maldonado. La U debe ganar por una diferencia de tres goles si quiere clasificar irectamente a la fse grupal del torneo continental.<\/p>\n<p>ante esto, el t\u00e9cnico cree que es posible dar vuelta la llave y dio a a entender que el equipo est\u00e1 ansioso y seguro de lograr un buen resultado.<\/p>\n<p>Sin embargo el t\u00e9cnico de la U, resalt\u00f3 que el juego que ha mostrado la U ha ido en ascenso, pero que pese a que la idea se ve plasmada falta mucho por trabajar para conformarse con el juego de la U, \u00ab<strong>El mensaje est\u00e1 claro, se interpreta muy bien, pero falta mucho para encontrar a la U que queremos&#8230;\u00a0falta ser m\u00e1s agresivo en la recuperaci\u00f3n del bal\u00f3n y en concretar el ataque<\/strong>\u00ab.<\/p>\n<p>Para Beccace la f\u00f3rmula para alcanzar este objetivo es clara, \u00ab<strong>No conocemos otra cosa que trabajar para progresar. Somos muy creyentes de lo que hacemos\u00bb.<\/strong><\/p>\n<figure id=\"attachment_8216\" aria-describedby=\"caption-attachment-8216\" style=\"width: 3648px\" class=\"wp-caption aligncenter\"><img loading=\"lazy\" decoding=\"async\" class=\"size-full wp-image-8216\" src=\"http:\/\/www.rincondelbulla.cl\/portal\/wp-content\/uploads\/2016\/02\/M8A9577.jpg\" alt=\"Foto: Claudio C\u00e1ceres\" width=\"3648\" height=\"2432\" srcset=\"https:\/\/www.rincondelbulla.cl\/portal\/wp-content\/uploads\/2016\/02\/M8A9577.jpg 3648w, https:\/\/www.rincondelbulla.cl\/portal\/wp-content\/uploads\/2016\/02\/M8A9577-300x200.jpg 300w, https:\/\/www.rincondelbulla.cl\/portal\/wp-content\/uploads\/2016\/02\/M8A9577-768x512.jpg 768w, https:\/\/www.rincondelbulla.cl\/portal\/wp-content\/uploads\/2016\/02\/M8A9577-1200x800.jpg 1200w, https:\/\/www.rincondelbulla.cl\/portal\/wp-content\/uploads\/2016\/02\/M8A9577-696x464.jpg 696w, https:\/\/www.rincondelbulla.cl\/portal\/wp-content\/uploads\/2016\/02\/M8A9577-1068x712.jpg 1068w, https:\/\/www.rincondelbulla.cl\/portal\/wp-content\/uploads\/2016\/02\/M8A9577-630x420.jpg 630w\" sizes=\"auto, (max-width: 3648px) 100vw, 3648px\" \/><figcaption id=\"caption-attachment-8216\" class=\"wp-caption-text\">Foto: Claudio C\u00e1ceres<\/figcaption><\/figure>\n<p><strong>Sobre los d\u00edas entre el empate con San marcos y el duelo ante River Plate<\/strong>: Hemos transitado prepar\u00e1ndonos para una nueva oportunidad, consideramos que m\u00e1s all\u00e1 de la dificultado que se nos presenta, tenemos la oportunidad concreta de clasificar.<\/p>\n<p><strong>Argumentos para pasar la llave<\/strong>: Vamos a jugar con un margen bien corto, nosotros tenemos que jugar 90 minutos, olvid\u00e1ndonos del resultado anterior. Tendremos que asumir m\u00e1s riesgos.<\/p>\n<p><strong>Sobre a la emocionalidad<\/strong>: la emoci\u00f3n ya est\u00e1 garantizada. Los jugadores tienen un deseo enorme de clasificar a la fase de grupo. Los jugadores est\u00e1n con hambre. Ojala se den las cosas por el respeto a una idea.<\/p>\n<p><strong>Por qu\u00e9 no se ha vuelto al nivel mostrado ante O\u00bbHiggins<\/strong>: Cuando termin\u00f3 ese partido, dijimos que era lo ideal. Aunque mantenerse tanto tiempo de esa manera elevada era complejo, estamos en esa b\u00fasqueda.<\/p>\n<p><strong>Ocasiones de go<\/strong>l: Con Arica tuvimos 10 ocasiones, creo que el equipo tiene las situaciones, ya va a llegar la posibilidad de convertir esas ocasiones.<\/p>\n<p><strong>Sobre los resultados<\/strong>: Hoy se analiza el resultado y no el desarrollo. Hay veces que nos generamos 10 ocasiones, pero \u00a0no convertimos.<\/p>\n<p><strong>Sobre el ataque<\/strong>: En general atacar sin que ataquen no es sencillo. Pero estamos alcanzando ese equilibrio. Uno como entrenador uno est\u00e1 obligado a observar. Aunque sabemos que si no ganamos todo eso no tiene sentido.<\/p>\n<figure id=\"attachment_8217\" aria-describedby=\"caption-attachment-8217\" style=\"width: 3648px\" class=\"wp-caption aligncenter\"><img loading=\"lazy\" decoding=\"async\" class=\"size-full wp-image-8217\" src=\"http:\/\/www.rincondelbulla.cl\/portal\/wp-content\/uploads\/2016\/02\/M8A9586.jpg\" alt=\"Foto: Claudio C\u00e1ceres\" width=\"3648\" height=\"2432\" srcset=\"https:\/\/www.rincondelbulla.cl\/portal\/wp-content\/uploads\/2016\/02\/M8A9586.jpg 3648w, https:\/\/www.rincondelbulla.cl\/portal\/wp-content\/uploads\/2016\/02\/M8A9586-300x200.jpg 300w, https:\/\/www.rincondelbulla.cl\/portal\/wp-content\/uploads\/2016\/02\/M8A9586-768x512.jpg 768w, https:\/\/www.rincondelbulla.cl\/portal\/wp-content\/uploads\/2016\/02\/M8A9586-1200x800.jpg 1200w, https:\/\/www.rincondelbulla.cl\/portal\/wp-content\/uploads\/2016\/02\/M8A9586-696x464.jpg 696w, https:\/\/www.rincondelbulla.cl\/portal\/wp-content\/uploads\/2016\/02\/M8A9586-1068x712.jpg 1068w, https:\/\/www.rincondelbulla.cl\/portal\/wp-content\/uploads\/2016\/02\/M8A9586-630x420.jpg 630w\" sizes=\"auto, (max-width: 3648px) 100vw, 3648px\" \/><figcaption id=\"caption-attachment-8217\" class=\"wp-caption-text\">Foto: Claudio C\u00e1ceres<\/figcaption><\/figure>\n<p>&nbsp;<\/p>\n<p><strong>Sobre los laterales<\/strong>: Se pude y tiene que mejorar el rendimiento de ellos. A veces buscamos fijar bandas con laterales o fijar extremos, hay partidos que han resultado mejor que otros. En otros no ha faltado el factor sorpresivo de los laterales.<\/p>\n<p><strong>Sobre si influye la alineaci\u00f3n en defensa<\/strong>: Si logramos instalarnos en campo contrario no deber\u00edamos sufrir, eso de defender con tres o cuatro a veces es relativo.<\/p>\n<p><strong>Sobre Benjamin Vidal<\/strong>: Son decisiones futbol\u00edstica, consider\u00e9 que Guzm\u00e1n estaba m\u00e1s apto para el partido con San marcos. Est\u00e1 todo bien con \u00e9l. Opt\u00e9 por llevar al banco de suplentes a jugadores de car\u00e1cter m\u00e1s ofensivo, es s\u00f3lo decisi\u00f3n futbol\u00edstica.<\/p>\n<p><strong>Sobre Lenadro Benegas<\/strong>: Fue una decisi\u00f3n por un tema reglamentario, ten\u00edamos muchos extranjeros.<\/p>\n<p><strong>Sobre Farf\u00e1n<\/strong>: Consideramos que en caso de necesitar alguien que vaya despacio y busque ponerse a correr, es Pinilla.<\/p>\n<p><strong>Sobre Francisco Castro<\/strong>: Ya ten\u00edamos dos jugadores cubriendo las bandas, y cre\u00edmos que no era necesario tener gran cantidad en ese puesto.<\/p>\n<p><strong>Mensaje al hincha azul<\/strong>: Estamos trabajando d\u00eda para satisfacer las necesidades de la gente que siempre nos acompa\u00f1a.<\/p>\n<p><strong>Sobre estadio para el Supercl\u00e1sico<\/strong>: Lo que yo se es que est\u00e1 programada una fecha. Cuando entregaron el calendario no hab\u00eda un recital. Yo creo que se tiene que respetar la programaci\u00f3n\u00a0inicial. Cambiar esa planificaci\u00f3n no es \u00e9tico.<\/p>\n<p>&nbsp;<\/p>\n<p>&nbsp;<\/p>\n<p>&nbsp;<\/p>\n<p>&nbsp;<\/p>\n<p><iframe loading=\"lazy\" src=\"https:\/\/www.youtube.com\/embed\/dssbFR8sFYY\" width=\"560\" height=\"315\" frameborder=\"0\" allowfullscreen=\"allowfullscreen\"><\/iframe><\/p>\n","protected":false},"excerpt":{"rendered":"<p>El T\u00e9cnico del Rom\u00e1ntico Viajero analiz\u00f3 el actual momento azul y si bien, rescat\u00f3 que el mensaje del juego est\u00e1 claro, se\u00f1al\u00f3 que hay mucho que trabajar para plasmar ese mensaje en el juego..<\/p>\n","protected":false},"author":56,"featured_media":8214,"comment_status":"closed","ping_status":"open","sticky":false,"template":"","format":"standard","meta":{"footnotes":""},"categories":[18],"tags":[454,547,157,228],"class_list":{"0":"post-8211","1":"post","2":"type-post","3":"status-publish","4":"format-standard","5":"has-post-thumbnail","7":"category-actualidad","8":"tag-actualidad","9":"tag-beccacece","10":"tag-portada","11":"tag-rincon-del-bulla"},"_links":{"self":[{"href":"https:\/\/www.rincondelbulla.cl\/portal\/wp-json\/wp\/v2\/posts\/8211","targetHints":{"allow":["GET"]}}],"collection":[{"href":"https:\/\/www.rincondelbulla.cl\/portal\/wp-json\/wp\/v2\/posts"}],"about":[{"href":"https:\/\/www.rincondelbulla.cl\/portal\/wp-json\/wp\/v2\/types\/post"}],"author":[{"embeddable":true,"href":"https:\/\/www.rincondelbulla.cl\/portal\/wp-json\/wp\/v2\/users\/56"}],"replies":[{"embeddable":true,"href":"https:\/\/www.rincondelbulla.cl\/portal\/wp-json\/wp\/v2\/comments?post=8211"}],"version-history":[{"count":4,"href":"https:\/\/www.rincondelbulla.cl\/portal\/wp-json\/wp\/v2\/posts\/8211\/revisions"}],"predecessor-version":[{"id":8218,"href":"https:\/\/www.rincondelbulla.cl\/portal\/wp-json\/wp\/v2\/posts\/8211\/revisions\/8218"}],"wp:featuredmedia":[{"embeddable":true,"href":"https:\/\/www.rincondelbulla.cl\/portal\/wp-json\/wp\/v2\/media\/8214"}],"wp:attachment":[{"href":"https:\/\/www.rincondelbulla.cl\/portal\/wp-json\/wp\/v2\/media?parent=8211"}],"wp:term":[{"taxonomy":"category","embeddable":true,"href":"https:\/\/www.rincondelbulla.cl\/portal\/wp-json\/wp\/v2\/categories?post=8211"},{"taxonomy":"post_tag","embeddable":true,"href":"https:\/\/www.rincondelbulla.cl\/portal\/wp-json\/wp\/v2\/tags?post=8211"}],"curies":[{"name":"wp","href":"https:\/\/api.w.org\/{rel}","templated":true}]}}