{"id":8242,"date":"2016-02-10T20:22:35","date_gmt":"2016-02-10T20:22:35","guid":{"rendered":"http:\/\/www.rincondelbulla.cl\/portal\/?p=8242"},"modified":"2016-02-11T02:29:38","modified_gmt":"2016-02-11T02:29:38","slug":"marca-personal-asi-no-se-puede-seba","status":"publish","type":"post","link":"https:\/\/www.rincondelbulla.cl\/portal\/2016\/02\/10\/marca-personal-asi-no-se-puede-seba\/","title":{"rendered":"Marca Personal: As\u00ed no se puede Seba"},"content":{"rendered":"<figure id=\"attachment_8244\" aria-describedby=\"caption-attachment-8244\" style=\"width: 700px\" class=\"wp-caption aligncenter\"><img loading=\"lazy\" decoding=\"async\" class=\"size-full wp-image-8244\" src=\"http:\/\/www.rincondelbulla.cl\/portal\/wp-content\/uploads\/2016\/02\/Formacio\u0301n-vs-River-Uruguay-febrero-2016.jpeg\" alt=\"Foto: Claudio C\u00e1ceres\" width=\"700\" height=\"467\" srcset=\"https:\/\/www.rincondelbulla.cl\/portal\/wp-content\/uploads\/2016\/02\/Formacio\u0301n-vs-River-Uruguay-febrero-2016.jpeg 700w, https:\/\/www.rincondelbulla.cl\/portal\/wp-content\/uploads\/2016\/02\/Formacio\u0301n-vs-River-Uruguay-febrero-2016-300x200.jpeg 300w, https:\/\/www.rincondelbulla.cl\/portal\/wp-content\/uploads\/2016\/02\/Formacio\u0301n-vs-River-Uruguay-febrero-2016-696x464.jpeg 696w, https:\/\/www.rincondelbulla.cl\/portal\/wp-content\/uploads\/2016\/02\/Formacio\u0301n-vs-River-Uruguay-febrero-2016-630x420.jpeg 630w\" sizes=\"auto, (max-width: 700px) 100vw, 700px\" \/><figcaption id=\"caption-attachment-8244\" class=\"wp-caption-text\">Foto: Claudio C\u00e1ceres<\/figcaption><\/figure>\n<p><strong>En un partido con muy pocas llegadas a los p\u00f3rticos la U no pudo avanzar en la Copa Libertadores, y qued\u00f3 al debe con todo el p\u00fablico que la acompa\u00f1\u00f3 ayer en el Nacional. Pareciera que al equipo de Beccacece le falta tiempo para asimilar la idea de juego.<\/strong><!--more--><\/p>\n<p>&nbsp;<\/p>\n<p>&nbsp;<\/p>\n<p>En el primer tiempo los azules desde el comienzo se hicieron con el bal\u00f3n, pero la posesi\u00f3n no se vio traducida en sometimiento (Como dir\u00eda Sampaoli) y solo a trav\u00e9s de tiros libres se inquiet\u00f3 al portero Charrua. Pasados los 20 minutos de juego, Beccacece decidi\u00f3 cambiar al Chino Martinez, y modificar el dibujo t\u00e1ctico, corriendo un riesgo al dejar un buen descampado en el terreno de juego. Por suerte River Plate no aprovech\u00f3.<\/p>\n<p>En el segundo tiempo las cosas no cambiaron mucho, y los azules con m\u00e1s ganas que f\u00fatbol trataron de romper el cejo defensivo puesto por el modesto River Plate. La primera llegada en el segundo tiempo lleg\u00f3 pasado los 85 minutos de juego, en los pies de Joao Ortiz. Y los Uruguayos desplegaron el manual Charrua y se revolcaron una y otra vez en el suelo haciendo correr el reloj del juez del encuentro. Este es el Marca Personal del Rinc\u00f3n Del Bulla<\/p>\n<p><strong>25.-Johnny Herrera:<\/strong> Las veces que le llegaron atajo con soberbia. Bien Johnny. Nota 5.5<\/p>\n<p><strong>4.-Osvaldo Gonzalez: El mejor jugador de la cancha, a ratos tom\u00f3 las banderas para adelantar las l\u00edneas. Nota 6.0<\/strong><\/p>\n<p><strong>23.-Cristi\u00e1n Su\u00e1rez:<\/strong>Jug\u00f3 de l\u00edbero y cumpli\u00f3 de buena manera. Nota 5.0<\/p>\n<p><strong>14.-Nicolas Ramirez:<\/strong> A ratos le falta desordenarse un poco y saber acompa\u00f1ar en ataque. Nota 5.0<\/p>\n<p><strong>16.-Matias Rodriguez:<\/strong> Fue de los puntos altos azules, luchando cada pelota y tratando de llegar al gol a como de lugar. Nota 5.5<\/p>\n<p><strong>6.-Sebasti\u00e1n Mart\u00ednez:<\/strong> Muy desordenado en la marca, y con poca visi\u00f3n de juego. Nota 4.0<\/p>\n<p><strong>3.-Fabi\u00e1n Monz\u00f3n:<\/strong> Jug\u00f3 un correcto primer tiempo, pero se cans\u00f3. Nota 4.5<\/p>\n<p><strong>22.-Gustavo Lorenzetti:<\/strong> Movedizo en principio, le toc\u00f3 retroceder por el cambio de Beccacece, y de todos modos cumpli\u00f3 en una faceta que no es la habitual. Nota 5.0<\/p>\n<p><strong>10.- Luis Fari\u00f1a:<\/strong> Fue un fantasma, salvo en una jugada que fue hacia adelante. Nota 3.5<\/p>\n<p><strong>19 Gustavo Canales:<\/strong> con ese ritmo de juego no se puede jugar una Copa Libertadores. Nota 2.0<\/p>\n<p><strong>8.-Patricio Rubio:<\/strong> No le llegaron tantos balones, trato pero no pudo, muy solo en ataque. Nota 3.5<\/p>\n<p><strong>Cambios<\/strong><\/p>\n<p><strong>15.- Leonardo Valencia (28 por Mart\u00ednez):<\/strong> Hay veces en que no se entienda que un jugador tenga el ego tan alto. Nota 4.0<\/p>\n<p><strong>17.-Joao Ortiz (67\u2019por Monz\u00f3n) :<\/strong> Extra\u00f1o el cambio, Ortiz es un jugador muy desordenado, y muy poco incidente en el juego. Nota 4.0<\/p>\n<p><strong>9.-Luis Felipe Pinilla (69\u2019 por Fari\u00f1a):<\/strong> Otro cambio para el anecdotario, ah\u00ed se ve que es un plantel muy corto en ofensiva.<\/p>\n","protected":false},"excerpt":{"rendered":"<p>En un partido con muy pocas llegadas a los p\u00f3rticos la U no pudo avanzar en la Copa Libertadores, y qued\u00f3 al debe con todo el p\u00fablico que la acompa\u00f1\u00f3 ayer en el Nacional. Pareciera que al equipo de Beccacece le falta tiempo para asimilar la idea de juego.<\/p>\n","protected":false},"author":21381,"featured_media":8244,"comment_status":"closed","ping_status":"open","sticky":false,"template":"","format":"standard","meta":{"footnotes":""},"categories":[18],"tags":[454,407,43,157],"class_list":{"0":"post-8242","1":"post","2":"type-post","3":"status-publish","4":"format-standard","5":"has-post-thumbnail","7":"category-actualidad","8":"tag-actualidad","9":"tag-copa-libertadores-2016","10":"tag-marca-personal","11":"tag-portada"},"_links":{"self":[{"href":"https:\/\/www.rincondelbulla.cl\/portal\/wp-json\/wp\/v2\/posts\/8242","targetHints":{"allow":["GET"]}}],"collection":[{"href":"https:\/\/www.rincondelbulla.cl\/portal\/wp-json\/wp\/v2\/posts"}],"about":[{"href":"https:\/\/www.rincondelbulla.cl\/portal\/wp-json\/wp\/v2\/types\/post"}],"author":[{"embeddable":true,"href":"https:\/\/www.rincondelbulla.cl\/portal\/wp-json\/wp\/v2\/users\/21381"}],"replies":[{"embeddable":true,"href":"https:\/\/www.rincondelbulla.cl\/portal\/wp-json\/wp\/v2\/comments?post=8242"}],"version-history":[{"count":3,"href":"https:\/\/www.rincondelbulla.cl\/portal\/wp-json\/wp\/v2\/posts\/8242\/revisions"}],"predecessor-version":[{"id":8246,"href":"https:\/\/www.rincondelbulla.cl\/portal\/wp-json\/wp\/v2\/posts\/8242\/revisions\/8246"}],"wp:featuredmedia":[{"embeddable":true,"href":"https:\/\/www.rincondelbulla.cl\/portal\/wp-json\/wp\/v2\/media\/8244"}],"wp:attachment":[{"href":"https:\/\/www.rincondelbulla.cl\/portal\/wp-json\/wp\/v2\/media?parent=8242"}],"wp:term":[{"taxonomy":"category","embeddable":true,"href":"https:\/\/www.rincondelbulla.cl\/portal\/wp-json\/wp\/v2\/categories?post=8242"},{"taxonomy":"post_tag","embeddable":true,"href":"https:\/\/www.rincondelbulla.cl\/portal\/wp-json\/wp\/v2\/tags?post=8242"}],"curies":[{"name":"wp","href":"https:\/\/api.w.org\/{rel}","templated":true}]}}