{"id":8250,"date":"2016-02-11T19:12:14","date_gmt":"2016-02-11T19:12:14","guid":{"rendered":"http:\/\/www.rincondelbulla.cl\/portal\/?p=8250"},"modified":"2016-02-27T01:09:33","modified_gmt":"2016-02-27T01:09:33","slug":"canales-estoy-lejos-de-mi-mejor-nivel","status":"publish","type":"post","link":"https:\/\/www.rincondelbulla.cl\/portal\/2016\/02\/11\/canales-estoy-lejos-de-mi-mejor-nivel\/","title":{"rendered":"Canales \u00abEstoy lejos de mi mejor nivel\u00bb"},"content":{"rendered":"<figure id=\"attachment_7124\" aria-describedby=\"caption-attachment-7124\" style=\"width: 1181px\" class=\"wp-caption alignnone\"><img loading=\"lazy\" decoding=\"async\" class=\"size-full wp-image-7124\" src=\"http:\/\/www.rincondelbulla.cl\/portal\/wp-content\/uploads\/2015\/04\/canales-II.jpg\" alt=\"Gustavo Canales fue la figura en la goleada azul - Foto: Claudio C\u00e1ceres\" width=\"1181\" height=\"627\" srcset=\"https:\/\/www.rincondelbulla.cl\/portal\/wp-content\/uploads\/2015\/04\/canales-II.jpg 1181w, https:\/\/www.rincondelbulla.cl\/portal\/wp-content\/uploads\/2015\/04\/canales-II-300x159.jpg 300w, https:\/\/www.rincondelbulla.cl\/portal\/wp-content\/uploads\/2015\/04\/canales-II-768x408.jpg 768w, https:\/\/www.rincondelbulla.cl\/portal\/wp-content\/uploads\/2015\/04\/canales-II-696x370.jpg 696w, https:\/\/www.rincondelbulla.cl\/portal\/wp-content\/uploads\/2015\/04\/canales-II-1068x567.jpg 1068w, https:\/\/www.rincondelbulla.cl\/portal\/wp-content\/uploads\/2015\/04\/canales-II-791x420.jpg 791w\" sizes=\"auto, (max-width: 1181px) 100vw, 1181px\" \/><figcaption id=\"caption-attachment-7124\" class=\"wp-caption-text\">Foto: Claudio C\u00e1ceres<\/figcaption><\/figure>\n<p><strong>Gustavo Canales en conferencia de prensa reconoci\u00f3n que \u201cMi deber con los compa\u00f1eros es estar al mejor nivel, ultimamente he jugado mal o no tan bien, por lo que es importante recuperar mi nivel\u201d Aseguro Canales, quien no estar\u00eda citado para el s\u00e1bado frente a Palestino.<\/strong><!--more--><\/p>\n<p><strong>El Partido frente a River<\/strong> \u201cfuimos protegonistas, tuvimos el bal\u00f3n, pero lamentablemente no pudimos hacer da\u00f1o, esa responsabilida recae sobre los delanteros, que somos quienes debemos marcar\u201d a\u00f1adiendo que \u00abNo se termina de procesar, es una tristeza y decepci\u00f3n muy grande. Va a llevar un tiempo dejar atr\u00e1s este golpe tan duro. No nos queda otra que reunir la fuerza para seguir pronto adelante. Es inesperado, porque era la ilusi\u00f3n de los hinchas, nosotros, el cuerpo t\u00e9cnico y la dirigencia\u00bb.<\/p>\n<p><strong>El dificil Momento<\/strong>  \u00abSe sabe que cuando las cosas no andan bien, van a venir los palos de todos lados, y hay que tener la hombr\u00eda para asumir estas situaciones, y salir adelante. Hay que tener personalidad\u00bb.<\/p>\n<p><strong>Beccacece<\/strong> \u00abEstoy seguro que vamos a conseguir cosas con Beccacece .Seguramente ahora en el torneo local no habr\u00e1 la cantidad de gente que en la copa, pero no tengo dudas que la vamos a convocar nuevamente\u00bb<\/p>\n<p><strong>Palestino<\/strong> \u00abEsta jugando muy bien, es el mejor equipo del torneo para m\u00ed gusto. Ha mostrado un nivel futbol\u00edstico muy bueno, con jugadores de buen pie. Ojal\u00e1 jugar un partido de igual a igual, porque es algo que nos acomoda\u00bb<\/p>\n<p><strong>No juega el s\u00e1bado<\/strong> \u201cPara el s\u00e1bado el profe me va a dar descanso, para as\u00ed recuperar el nivel que todos esperamos de mi\u201d Agrego a la M\u00e1gia Azul<\/p>\n","protected":false},"excerpt":{"rendered":"<p>Gustavo Canales en conferencia de prensa reconoci\u00f3n que \u201cMi deber con los compa\u00f1eros es estar al mejor nivel, ultimamente he jugado mal o no tan bien, por lo que es importante recuperar mi nivel\u201d Aseguro Canales, quien no estar\u00eda citado para el s\u00e1bado frente a Palestino.<\/p>\n","protected":false},"author":21381,"featured_media":7124,"comment_status":"closed","ping_status":"open","sticky":false,"template":"","format":"standard","meta":{"footnotes":""},"categories":[18],"tags":[454,209,56,157],"class_list":{"0":"post-8250","1":"post","2":"type-post","3":"status-publish","4":"format-standard","5":"has-post-thumbnail","7":"category-actualidad","8":"tag-actualidad","9":"tag-conferencia-de-prensa","10":"tag-gustavo-canales","11":"tag-portada"},"_links":{"self":[{"href":"https:\/\/www.rincondelbulla.cl\/portal\/wp-json\/wp\/v2\/posts\/8250","targetHints":{"allow":["GET"]}}],"collection":[{"href":"https:\/\/www.rincondelbulla.cl\/portal\/wp-json\/wp\/v2\/posts"}],"about":[{"href":"https:\/\/www.rincondelbulla.cl\/portal\/wp-json\/wp\/v2\/types\/post"}],"author":[{"embeddable":true,"href":"https:\/\/www.rincondelbulla.cl\/portal\/wp-json\/wp\/v2\/users\/21381"}],"replies":[{"embeddable":true,"href":"https:\/\/www.rincondelbulla.cl\/portal\/wp-json\/wp\/v2\/comments?post=8250"}],"version-history":[{"count":1,"href":"https:\/\/www.rincondelbulla.cl\/portal\/wp-json\/wp\/v2\/posts\/8250\/revisions"}],"predecessor-version":[{"id":8251,"href":"https:\/\/www.rincondelbulla.cl\/portal\/wp-json\/wp\/v2\/posts\/8250\/revisions\/8251"}],"wp:featuredmedia":[{"embeddable":true,"href":"https:\/\/www.rincondelbulla.cl\/portal\/wp-json\/wp\/v2\/media\/7124"}],"wp:attachment":[{"href":"https:\/\/www.rincondelbulla.cl\/portal\/wp-json\/wp\/v2\/media?parent=8250"}],"wp:term":[{"taxonomy":"category","embeddable":true,"href":"https:\/\/www.rincondelbulla.cl\/portal\/wp-json\/wp\/v2\/categories?post=8250"},{"taxonomy":"post_tag","embeddable":true,"href":"https:\/\/www.rincondelbulla.cl\/portal\/wp-json\/wp\/v2\/tags?post=8250"}],"curies":[{"name":"wp","href":"https:\/\/api.w.org\/{rel}","templated":true}]}}