{"id":8261,"date":"2016-02-14T01:55:15","date_gmt":"2016-02-14T01:55:15","guid":{"rendered":"http:\/\/www.rincondelbulla.cl\/portal\/?p=8261"},"modified":"2016-02-14T01:59:13","modified_gmt":"2016-02-14T01:59:13","slug":"herrera-prendio-el-ventilador-hoy-la-figura-fue-un-jugador-que-estuvo-con-nosotros-y-no-jugo-nada","status":"publish","type":"post","link":"https:\/\/www.rincondelbulla.cl\/portal\/2016\/02\/14\/herrera-prendio-el-ventilador-hoy-la-figura-fue-un-jugador-que-estuvo-con-nosotros-y-no-jugo-nada\/","title":{"rendered":"Herrera prendi\u00f3 el ventilador: \u201cHoy la figura fue un jugador que estuvo con nosotros y no jug\u00f3 nada\u201d"},"content":{"rendered":"<figure id=\"attachment_8262\" aria-describedby=\"caption-attachment-8262\" style=\"width: 960px\" class=\"wp-caption alignnone\"><img loading=\"lazy\" decoding=\"async\" class=\"size-full wp-image-8262\" src=\"http:\/\/www.rincondelbulla.cl\/portal\/wp-content\/uploads\/2016\/02\/Johnny-Herrera.jpg\" alt=\"El portero y capit\u00e1n azul critic\u00f3 la actuaci\u00f3n de sus compa\u00f1eros y de paso cuestion\u00f3 a ex azules que hoy defienden la camiseta de Palestino.\" width=\"960\" height=\"640\" srcset=\"https:\/\/www.rincondelbulla.cl\/portal\/wp-content\/uploads\/2016\/02\/Johnny-Herrera.jpg 960w, https:\/\/www.rincondelbulla.cl\/portal\/wp-content\/uploads\/2016\/02\/Johnny-Herrera-300x200.jpg 300w, https:\/\/www.rincondelbulla.cl\/portal\/wp-content\/uploads\/2016\/02\/Johnny-Herrera-768x512.jpg 768w, https:\/\/www.rincondelbulla.cl\/portal\/wp-content\/uploads\/2016\/02\/Johnny-Herrera-696x464.jpg 696w, https:\/\/www.rincondelbulla.cl\/portal\/wp-content\/uploads\/2016\/02\/Johnny-Herrera-630x420.jpg 630w\" sizes=\"auto, (max-width: 960px) 100vw, 960px\" \/><figcaption id=\"caption-attachment-8262\" class=\"wp-caption-text\">El portero y capit\u00e1n azul critic\u00f3 la actuaci\u00f3n de sus compa\u00f1eros y de paso cuestion\u00f3 a ex azules que hoy defienden la camiseta de Palestino.<\/figcaption><\/figure>\n<p><strong>El capit\u00e1n azul no tuvo pelos en la lengua y critic\u00f3 a todos, compa\u00f1eros y rivales. Cuestion\u00f3 la entrega del plantel, repas\u00f3 a ex azules que son figuras en Palestino y en la \u201cU\u201d les pes\u00f3 la camiseta. Defendi\u00f3 la responsabilidad de Beccacece.<\/strong><!--more--><\/p>\n<p>Todo el partido se le vio inquieto. Gritaba y recriminaba a su defensa constantemente, ni hablar tras los dos goles. Ni el gol que le dio el empate a la \u201cU\u201d lo pudo alegrar. Fue el partido aparte que jug\u00f3 Johnny Herrera en la ca\u00edda 2-1 ante Palestino, por lo que no sorprendi\u00f3 la artiller\u00eda que despleg\u00f3 tras el encuentro.<\/p>\n<p><strong>\u201cRegalamos pr\u00e1cticamente el partido de la forma en que se dio. Nos hacen dos goles completamente infantiles. Remamos, tratamos de darlo vuelta, pero no se pudo. Estamos tristes, pero conscientes de que los que estamos errando somos nosotros\u201d<\/strong>, analiz\u00f3 el capit\u00e1n azul la ca\u00edda del equipo, que complica el presente azul y los aleja del t\u00edtulo. De paso Herrera, rest\u00f3 \u00a0parte de la responsabilidad del actual momento futbol\u00edstico al t\u00e9cnico Sebasti\u00e1n Baccacece. <strong>\u201cNo le puedo echar la culpa al t\u00e9cnico de los mano a mano, de no apuntarle al arco o no saber defender en el \u00e1rea. Es il\u00f3gico echarle la culpa a alguien m\u00e1s que nosotros mismos los jugadores\u201d,<\/strong> sentenci\u00f3 el golero.<\/p>\n<p>Pero la mejor parte de su artiller\u00eda la despleg\u00f3 al referirse a la actuaci\u00f3n de los jugadores \u00e1rabes, en especial los de pasado azul. Aqu\u00ed, ni C\u00e9sar Cort\u00e9s ni Nicol\u00e1s Maturana se salvaron. <strong>\u201cHoy la figura de la cancha fue un jugador que estuvo con nosotros y no jug\u00f3 nada. El Nico Maturana, uno de los mejores, tambi\u00e9n estuvo ac\u00e1 y fue bien poquito\u201d, <\/strong>declar\u00f3 Herrera, quien dijo que espera que esta situaci\u00f3n <strong>\u201cnos remuerda el orgullo, que nos toque un poquito. No puede pasar este tipo de partido. O sea, gente que desechamos nosotros est\u00e1 siendo figura en otros equipos y los que est\u00e1n ac\u00e1 no est\u00e1n rindiendo, es para cuestionarse\u201d.<\/strong><\/p>\n<p>Sobre la diferencia que la \u201cU\u201d tiene con los punteros y la posibilidad de pelear por una opci\u00f3n de t\u00edtulo, el capit\u00e1n estudiantil indic\u00f3 que <strong>\u201ces dif\u00edcil pero he visto remontadas m\u00e1s apote\u00f3sicas. Esto es f\u00fatbol, se puede dar un sinf\u00edn de situaciones. Los equipos que est\u00e1n arriba todos los conocemos, Cat\u00f3lica y Palestino. Con la fe intacta de que si vamos a pelear hasta el final y de que si vamos a remontar\u201d<\/strong><\/p>\n<p>Finalmente, Johnny Herrera se mostr\u00f3 confiado a\u00fan de poder salir de la mala racha y comenzar a cosechar triunfos que permitan ascender en la tabla y, porque no, pelear por el Clausura 2016. \u201c<strong>Somos grandes, somos responsables, sabemos que no estamos en un buen momento y hay que remar para adelante. Esto hay que darlo vuelta, somos un equipo grande y no me cabe la menor duda que lo vamos a revertir\u201d,<\/strong> afirm\u00f3 el Samurai Azul.<\/p>\n","protected":false},"excerpt":{"rendered":"<p>El capit\u00e1n azul no tuvo pelos en la lengua y critic\u00f3 a todos, compa\u00f1eros y rivales. Cuestion\u00f3 la entrega del plantel, repas\u00f3 a ex azules que son figuras en Palestino y en la \u201cU\u201d les pes\u00f3 la camiseta. Defendi\u00f3 la responsabilidad de Beccacece.<\/p>\n","protected":false},"author":21382,"featured_media":8264,"comment_status":"closed","ping_status":"open","sticky":false,"template":"","format":"standard","meta":{"footnotes":""},"categories":[18],"tags":[454,210,41,559,457,157,537,538,156],"class_list":{"0":"post-8261","1":"post","2":"type-post","3":"status-publish","4":"format-standard","5":"has-post-thumbnail","7":"category-actualidad","8":"tag-actualidad","9":"tag-cesar-cortes","10":"tag-johnny-herrera","11":"tag-nicolas-maturana","12":"tag-palestino","13":"tag-portada","14":"tag-sebastian-beccacece","15":"tag-torneo-clausura-2015-2016","16":"tag-universidad-de-chile"},"_links":{"self":[{"href":"https:\/\/www.rincondelbulla.cl\/portal\/wp-json\/wp\/v2\/posts\/8261","targetHints":{"allow":["GET"]}}],"collection":[{"href":"https:\/\/www.rincondelbulla.cl\/portal\/wp-json\/wp\/v2\/posts"}],"about":[{"href":"https:\/\/www.rincondelbulla.cl\/portal\/wp-json\/wp\/v2\/types\/post"}],"author":[{"embeddable":true,"href":"https:\/\/www.rincondelbulla.cl\/portal\/wp-json\/wp\/v2\/users\/21382"}],"replies":[{"embeddable":true,"href":"https:\/\/www.rincondelbulla.cl\/portal\/wp-json\/wp\/v2\/comments?post=8261"}],"version-history":[{"count":1,"href":"https:\/\/www.rincondelbulla.cl\/portal\/wp-json\/wp\/v2\/posts\/8261\/revisions"}],"predecessor-version":[{"id":8263,"href":"https:\/\/www.rincondelbulla.cl\/portal\/wp-json\/wp\/v2\/posts\/8261\/revisions\/8263"}],"wp:featuredmedia":[{"embeddable":true,"href":"https:\/\/www.rincondelbulla.cl\/portal\/wp-json\/wp\/v2\/media\/8264"}],"wp:attachment":[{"href":"https:\/\/www.rincondelbulla.cl\/portal\/wp-json\/wp\/v2\/media?parent=8261"}],"wp:term":[{"taxonomy":"category","embeddable":true,"href":"https:\/\/www.rincondelbulla.cl\/portal\/wp-json\/wp\/v2\/categories?post=8261"},{"taxonomy":"post_tag","embeddable":true,"href":"https:\/\/www.rincondelbulla.cl\/portal\/wp-json\/wp\/v2\/tags?post=8261"}],"curies":[{"name":"wp","href":"https:\/\/api.w.org\/{rel}","templated":true}]}}