{"id":8827,"date":"2016-03-11T21:47:56","date_gmt":"2016-03-12T00:47:56","guid":{"rendered":"http:\/\/www.rincondelbulla.cl\/portal\/?p=8827"},"modified":"2016-03-12T12:20:59","modified_gmt":"2016-03-12T15:20:59","slug":"la-previa-duelo-universitario-que-parece-clasico","status":"publish","type":"post","link":"https:\/\/www.rincondelbulla.cl\/portal\/2016\/03\/11\/la-previa-duelo-universitario-que-parece-clasico\/","title":{"rendered":"La Previa: Duelo universitario que parece cl\u00e1sico"},"content":{"rendered":"<figure id=\"attachment_7640\" aria-describedby=\"caption-attachment-7640\" style=\"width: 640px\" class=\"wp-caption alignnone\"><img loading=\"lazy\" decoding=\"async\" class=\"size-full wp-image-7640\" src=\"http:\/\/www.rincondelbulla.cl\/portal\/wp-content\/uploads\/2015\/09\/Super-1.jpg\" alt=\"Frente a U. de Concepci\u00f3n el equipo quiere retomar la confianza y volver a la senda del triunfo. M\u00e1s a\u00fan pensando que la pr\u00f3xima semana se viene el Supercl\u00e1sico - Foto: www.anfp.cl\" width=\"640\" height=\"432\" srcset=\"https:\/\/www.rincondelbulla.cl\/portal\/wp-content\/uploads\/2015\/09\/Super-1.jpg 640w, https:\/\/www.rincondelbulla.cl\/portal\/wp-content\/uploads\/2015\/09\/Super-1-300x203.jpg 300w, https:\/\/www.rincondelbulla.cl\/portal\/wp-content\/uploads\/2015\/09\/Super-1-622x420.jpg 622w\" sizes=\"auto, (max-width: 640px) 100vw, 640px\" \/><figcaption id=\"caption-attachment-7640\" class=\"wp-caption-text\">Frente a U. de Concepci\u00f3n el equipo quiere retomar la confianza y volver a la senda del triunfo. M\u00e1s a\u00fan pensando que la pr\u00f3xima semana se viene el Supercl\u00e1sico &#8211; Foto: www.anfp.cl<\/figcaption><\/figure>\n<p><strong>Universitarios laicos y los del Campanil se vuelven a ver las caras, en un partido que comienza a hacerse m\u00e1s cl\u00e1sico. Solo el semestre pasado se enfrentaron en cuatro oportunidades. Las estad\u00edsticas favorecen ampliamente a los azules.<\/strong><!--more--><\/p>\n<p>Este domingo 13 de marzo en el Estadio Nacional, desde las 19:30 hrs., Universidad de Chile y Universidad de Concepci\u00f3n se vuelve a ver las caras, esta vez en el marco de la 9\u00b0 fecha del Torneo Clausura 2015-2016.<\/p>\n<p>Los azules llegan al cotejo en el octavo lugar de la tabla (11 puntos), y con la necesidad de ganar para despegar en su juego colectivo y convencer a su parcialidad. Los del campanil est\u00e1n d\u00e9cimos, a un punto de la \u201cU\u201d.<\/p>\n<p>Las principales novedades para este partido ser\u00e1n las ausencias de Gustavo Canales (por lesi\u00f3n y precauci\u00f3n pensando en el Supercl\u00e1sico) y de Leonardo Valencia, quien cumple una sanci\u00f3n disciplinaria interna. Adem\u00e1s se inform\u00f3 que el t\u00e9cnico Sebasti\u00e1n Beccacece se habr\u00eda decidido por el juvenil Franco Lobos para la delantera, relegando al banco de suplentes a Patricio Rubio.<\/p>\n<p>Con esto, el posible once inicial universitario ser\u00eda con\u00a0<strong>Johnny Herrera; Mat\u00edas Rodr\u00edguez, Osvaldo Gonz\u00e1lez, Gonzalo Jara, Fabi\u00e1n Monz\u00f3n; Math\u00edas Corujo, Gonzalo Espinoza, Gustavo Lorenzetti; Sebasti\u00e1n Ubilla, Franco Lobos y Luis Fari\u00f1a.<\/strong><\/p>\n<p>En el cuadro de la octava regi\u00f3n aparecen varias caras conocidas para los hinchas azules. Waldo Ponce, Gabriel Vargas y Renato Gonz\u00e1lez vistieron esta camiseta y ahora retornan defendiendo a la vereda contraria. en la banca visitante otro viejo conocido y emblema de la \u00abU\u00bb: Ronald Fuentes.<\/p>\n<p><strong>LOS CARA A CARA ENTRE AZULES Y EL CAMPANIL<\/strong><\/p>\n<p>Las estad\u00edsticas benefician a la Universidad de Chile. De las 37 veces que se han enfrentado en diferentes competiciones, la \u201cU\u201d se ha llevado en triunfo en 19 ocasiones y empatado otras 11.\u00a0Hasta ahora los m\u00e1ximos en este tipo de partidos son el uruguayo Juan Manuel Olivera y Ricardo Viveros, con cuatro anotaciones cada uno.<\/p>\n<p>Durante el segundo semestre de 2015, ambos equipos se enfrentaron en cuatro ocasiones, con tres triunfos azules y uno del Campanil.\u00a0La primera fue el 30 de septiembre, en el Germ\u00e1n Becker de Temuco, por la final de la Supercopa 2015. El triunfo fue para los azules con goles de Cristi\u00e1n Suarez y Mat\u00edas Rodr\u00edguez, y el descuento de Manr\u00edquez.<\/p>\n<p>Casi tres semanas m\u00e1s tarde, los dirigidos por Ronald Fuentes tuvieron su venganza al derrotar a la \u201cU\u201d por 4-1 en el CAP de Talcahuano, con anotaciones de Vargas, De la Fuente, Manr\u00edquez y Lepe, descuento de Benegas.<\/p>\n<p>Posteriormente, se vieron las caras una vez m\u00e1s en las semifinales de la Copa Chile MTS 2015, con dos triunfos para Universidad de Chile. Con gol de Patricio Rubio, la \u201cU\u201d se impuso en el CAP el 4 de noviembre, mientras que en la vuelta Ubilla y Magalhaes decretaron el 2-0, el 19 de noviembre.<\/p>\n","protected":false},"excerpt":{"rendered":"<p>Universitarios laicos y los del Campanil se vuelven a ver las caras, en un partido que comienza a hacerse m\u00e1s cl\u00e1sico. Solo el semestre pasado se enfrentaron en cuatro oportunidades. Las estad\u00edsticas favorecen ampliamente a los azules.<\/p>\n","protected":false},"author":21382,"featured_media":7641,"comment_status":"closed","ping_status":"open","sticky":false,"template":"","format":"standard","meta":{"footnotes":""},"categories":[18],"tags":[454,399,473,513,615,287,618,620,424,555,617,623,50,261,531,56,78,41,525,37,319,415,532,257,65,88,349,270,157,434,616,480,537,118,44,463,619,464,156,462,143],"class_list":{"0":"post-8827","1":"post","2":"type-post","3":"status-publish","4":"format-standard","5":"has-post-thumbnail","7":"category-actualidad","8":"tag-actualidad","9":"tag-azules","10":"tag-campanil","11":"tag-clausura-2015-2016","12":"tag-copa-chile-mts","13":"tag-cristian-suarez","14":"tag-estadio-cap","15":"tag-estadio-german-becker","16":"tag-estadio-nacional","17":"tag-fabian-monzon","18":"tag-fernando-manriquez","19":"tag-franco-lobos","20":"tag-gabriel-vargas","21":"tag-gonzalo-espinoza","22":"tag-gonzalo-jara","23":"tag-gustavo-canales","24":"tag-gustavo-lorenzetti","25":"tag-johnny-herrera","26":"tag-juan-manuel-olivera","27":"tag-la-previa","28":"tag-leandro-benegas","29":"tag-leonardo-valencia","30":"tag-luis-farina","31":"tag-mathias-corujo","32":"tag-matias-rodriguez","33":"tag-osvaldo-gonzalez","34":"tag-patricio-rubio","35":"tag-paulo-magalhaes","36":"tag-portada","37":"tag-renato-gonzalez","38":"tag-ricardo-viveros","39":"tag-ronald-fuentes","40":"tag-sebastian-beccacece","41":"tag-sebastian-ubilla","42":"tag-superclasico","43":"tag-supercopa-futbol-chileno","44":"tag-talcahuano","45":"tag-temuco","46":"tag-universidad-de-chile","47":"tag-universidad-de-concepcion","48":"tag-waldo-ponce"},"_links":{"self":[{"href":"https:\/\/www.rincondelbulla.cl\/portal\/wp-json\/wp\/v2\/posts\/8827","targetHints":{"allow":["GET"]}}],"collection":[{"href":"https:\/\/www.rincondelbulla.cl\/portal\/wp-json\/wp\/v2\/posts"}],"about":[{"href":"https:\/\/www.rincondelbulla.cl\/portal\/wp-json\/wp\/v2\/types\/post"}],"author":[{"embeddable":true,"href":"https:\/\/www.rincondelbulla.cl\/portal\/wp-json\/wp\/v2\/users\/21382"}],"replies":[{"embeddable":true,"href":"https:\/\/www.rincondelbulla.cl\/portal\/wp-json\/wp\/v2\/comments?post=8827"}],"version-history":[{"count":2,"href":"https:\/\/www.rincondelbulla.cl\/portal\/wp-json\/wp\/v2\/posts\/8827\/revisions"}],"predecessor-version":[{"id":8867,"href":"https:\/\/www.rincondelbulla.cl\/portal\/wp-json\/wp\/v2\/posts\/8827\/revisions\/8867"}],"wp:featuredmedia":[{"embeddable":true,"href":"https:\/\/www.rincondelbulla.cl\/portal\/wp-json\/wp\/v2\/media\/7641"}],"wp:attachment":[{"href":"https:\/\/www.rincondelbulla.cl\/portal\/wp-json\/wp\/v2\/media?parent=8827"}],"wp:term":[{"taxonomy":"category","embeddable":true,"href":"https:\/\/www.rincondelbulla.cl\/portal\/wp-json\/wp\/v2\/categories?post=8827"},{"taxonomy":"post_tag","embeddable":true,"href":"https:\/\/www.rincondelbulla.cl\/portal\/wp-json\/wp\/v2\/tags?post=8827"}],"curies":[{"name":"wp","href":"https:\/\/api.w.org\/{rel}","templated":true}]}}