{"id":8871,"date":"2016-03-12T18:25:29","date_gmt":"2016-03-12T21:25:29","guid":{"rendered":"http:\/\/www.rincondelbulla.cl\/portal\/?p=8871"},"modified":"2016-03-12T20:22:41","modified_gmt":"2016-03-12T23:22:41","slug":"convocado-por-pizzi-demuestra-admiracion-por-la-u","status":"publish","type":"post","link":"https:\/\/www.rincondelbulla.cl\/portal\/2016\/03\/12\/convocado-por-pizzi-demuestra-admiracion-por-la-u\/","title":{"rendered":"Convocado por Pizzi demuestra admiraci\u00f3n por la U"},"content":{"rendered":"<p><img loading=\"lazy\" decoding=\"async\" class=\"aligncenter wp-image-8876 size-full\" src=\"http:\/\/www.rincondelbulla.cl\/portal\/wp-content\/uploads\/2016\/03\/Marcelo-larrondo.jpg\" alt=\"\" width=\"1100\" height=\"733\" srcset=\"https:\/\/www.rincondelbulla.cl\/portal\/wp-content\/uploads\/2016\/03\/Marcelo-larrondo.jpg 1100w, https:\/\/www.rincondelbulla.cl\/portal\/wp-content\/uploads\/2016\/03\/Marcelo-larrondo-300x200.jpg 300w, https:\/\/www.rincondelbulla.cl\/portal\/wp-content\/uploads\/2016\/03\/Marcelo-larrondo-768x512.jpg 768w, https:\/\/www.rincondelbulla.cl\/portal\/wp-content\/uploads\/2016\/03\/Marcelo-larrondo-696x464.jpg 696w, https:\/\/www.rincondelbulla.cl\/portal\/wp-content\/uploads\/2016\/03\/Marcelo-larrondo-1068x712.jpg 1068w, https:\/\/www.rincondelbulla.cl\/portal\/wp-content\/uploads\/2016\/03\/Marcelo-larrondo-630x420.jpg 630w\" sizes=\"auto, (max-width: 1100px) 100vw, 1100px\" \/><\/p>\n<p><strong>Ayer se inform\u00f3 de forma oficial que Marcelo Larrondo fue convocado por Juan Antonio Pizzi para ser parte de las eliminatorias de Rusia 2018. El delantero podr\u00e1 disputar los pr\u00f3ximos partidos, contra Argetina y Venezuela, el 24 y 29 de marzo, respectivamente.<\/strong><!--more--><\/p>\n<p>El jugador se mostr\u00f3 feliz de poder jugar en Chile, por lo que dio sus declaraciones al Mercurio. \u00bb <strong>Me encantar\u00eda jugar por Chile, es el pa\u00eds de mi padre, tengo familia all\u00e1, es una selecci\u00f3n muy importante, los actuales campeones de Am\u00e9rica, con jugadores en las ligas m\u00e1s importantes del mundo<\/strong>\u00ab, inform\u00f3 el delantero. Agregando que \u00abCrec\u00ed admirando al Matador Salas. Marcelo es un \u00eddolo para todo delantero. Es un ejemplo a seguir, lo segu\u00eda desde <strong>Universidad de Chile, equipo al cual admiro<\/strong>\u00bb , concluy\u00f3 el argentino.<\/p>\n<p>As\u00ed\u00a0Larrondo mostrar\u00e1 sus dotes en los pr\u00f3ximos duelos con la Selecci\u00f3n Chilena.<\/p>\n","protected":false},"excerpt":{"rendered":"<p>Ayer se inform\u00f3 de forma oficial que Marcelo Larrondo fue convocado por Juan Antonio Pizzi para ser parte de las eliminatorias de Rusia 2018. El delantero podr\u00e1 disputar los pr\u00f3ximos partidos, contra Argetina y Venezuela, el 24 y 29 de marzo, respectivamente.<\/p>\n","protected":false},"author":21385,"featured_media":8876,"comment_status":"closed","ping_status":"open","sticky":false,"template":"","format":"standard","meta":{"footnotes":""},"categories":[18],"tags":[454,624,53],"class_list":{"0":"post-8871","1":"post","2":"type-post","3":"status-publish","4":"format-standard","5":"has-post-thumbnail","7":"category-actualidad","8":"tag-actualidad","9":"tag-marcelo-larrondo","10":"tag-seleccion-chilena"},"_links":{"self":[{"href":"https:\/\/www.rincondelbulla.cl\/portal\/wp-json\/wp\/v2\/posts\/8871","targetHints":{"allow":["GET"]}}],"collection":[{"href":"https:\/\/www.rincondelbulla.cl\/portal\/wp-json\/wp\/v2\/posts"}],"about":[{"href":"https:\/\/www.rincondelbulla.cl\/portal\/wp-json\/wp\/v2\/types\/post"}],"author":[{"embeddable":true,"href":"https:\/\/www.rincondelbulla.cl\/portal\/wp-json\/wp\/v2\/users\/21385"}],"replies":[{"embeddable":true,"href":"https:\/\/www.rincondelbulla.cl\/portal\/wp-json\/wp\/v2\/comments?post=8871"}],"version-history":[{"count":5,"href":"https:\/\/www.rincondelbulla.cl\/portal\/wp-json\/wp\/v2\/posts\/8871\/revisions"}],"predecessor-version":[{"id":8878,"href":"https:\/\/www.rincondelbulla.cl\/portal\/wp-json\/wp\/v2\/posts\/8871\/revisions\/8878"}],"wp:featuredmedia":[{"embeddable":true,"href":"https:\/\/www.rincondelbulla.cl\/portal\/wp-json\/wp\/v2\/media\/8876"}],"wp:attachment":[{"href":"https:\/\/www.rincondelbulla.cl\/portal\/wp-json\/wp\/v2\/media?parent=8871"}],"wp:term":[{"taxonomy":"category","embeddable":true,"href":"https:\/\/www.rincondelbulla.cl\/portal\/wp-json\/wp\/v2\/categories?post=8871"},{"taxonomy":"post_tag","embeddable":true,"href":"https:\/\/www.rincondelbulla.cl\/portal\/wp-json\/wp\/v2\/tags?post=8871"}],"curies":[{"name":"wp","href":"https:\/\/api.w.org\/{rel}","templated":true}]}}