{"id":8885,"date":"2016-03-14T00:36:57","date_gmt":"2016-03-14T03:36:57","guid":{"rendered":"http:\/\/www.rincondelbulla.cl\/portal\/?p=8885"},"modified":"2016-03-15T20:49:56","modified_gmt":"2016-03-15T23:49:56","slug":"nuevo-fin-de-semana-de-azules-por-el-mundo","status":"publish","type":"post","link":"https:\/\/www.rincondelbulla.cl\/portal\/2016\/03\/14\/nuevo-fin-de-semana-de-azules-por-el-mundo\/","title":{"rendered":"Nuevo fin de semana de azules por el mundo"},"content":{"rendered":"<p><img loading=\"lazy\" decoding=\"async\" class=\"aligncenter wp-image-8928 size-full\" src=\"http:\/\/www.rincondelbulla.cl\/portal\/wp-content\/uploads\/2016\/03\/Mauricio-Pinilla.jpg\" alt=\"\" width=\"1100\" height=\"733\" srcset=\"https:\/\/www.rincondelbulla.cl\/portal\/wp-content\/uploads\/2016\/03\/Mauricio-Pinilla.jpg 1100w, https:\/\/www.rincondelbulla.cl\/portal\/wp-content\/uploads\/2016\/03\/Mauricio-Pinilla-300x200.jpg 300w, https:\/\/www.rincondelbulla.cl\/portal\/wp-content\/uploads\/2016\/03\/Mauricio-Pinilla-768x512.jpg 768w, https:\/\/www.rincondelbulla.cl\/portal\/wp-content\/uploads\/2016\/03\/Mauricio-Pinilla-696x464.jpg 696w, https:\/\/www.rincondelbulla.cl\/portal\/wp-content\/uploads\/2016\/03\/Mauricio-Pinilla-1068x712.jpg 1068w, https:\/\/www.rincondelbulla.cl\/portal\/wp-content\/uploads\/2016\/03\/Mauricio-Pinilla-630x420.jpg 630w\" sizes=\"auto, (max-width: 1100px) 100vw, 1100px\" \/><\/p>\n<p><strong>Varios ex jugadores de la \u201cU\u201d tuvieron acci\u00f3n en sus respectivos equipos, repartidos por las distintas ligas del orbe. Fue muy variado lo que dejo esta fecha de f\u00fatbol internacional.<\/strong><!--more--><\/p>\n<p>En el viejo continente fueron cinco los jugadores que tuvieron acci\u00f3n. Por Italia, el Atalanta de <strong>Mauricio Pinilla<\/strong> cay\u00f3 ante la Lazio por 2 a 0. \u201cPinigol\u201d volvi\u00f3 hacer titular y fue sustituido a los 58 minutos.<\/p>\n<p>Otro titular fue <strong>Marcelo D\u00edaz<\/strong>, quien jug\u00f3 todo el encuentro y adem\u00e1s pudo celebrar el triunfo de su equipo, Celta, por la cuenta m\u00ednima a la Real Sociedad. Con esta victoria Celta, se vuelve a meter en posiciones de clasificaci\u00f3n a copas europeas.<\/p>\n<p>En Espa\u00f1a tambi\u00e9n, <strong>Manuel Iturra <\/strong>disput\u00f3 el partido completo en el empate 1 a 1 del Rayo Vallecano contra Eibar. Con este empate el cuadro de \u201cColocho\u201d sigue en zona de descenso.<\/p>\n<p><strong>Eduardo Vargas<\/strong> aline\u00f3 desde la partida en el Hoffenheim, que se impuso por 1 a 0 al Wolfsburgo. \u201cEdu\u201d fue remplazado a los 55 minutos. La victoria le permite esperanzarse con la permanencia en la Bundesliga, al cuadro del chileno.<\/p>\n<p>Para finalizar la revisi\u00f3n de los ex jugadores azules que militan en Europa, nos dirigimos a Croacia. El Dinamo de Zagreb, de <strong>\u00c1ngelo Henr\u00edquez<\/strong>, gan\u00f3 por 3 goles a 2, al Lokomotiva Zagreb. El joven formado en los azules particip\u00f3 de todo el lance.<\/p>\n<p>Por la MLS, <strong>Pedro Morales<\/strong> fue titular y anot\u00f3 desde los doce pasos, en la ca\u00edda de su equipo, Vancouver Whitecaps a manos del Sporting Kansas. Los canadienses sumaron su segundo rev\u00e9s consecutivo, que los aleja de los playoffs.<\/p>\n<p>En el ascenso mexicano, los Cafetaleros de Tapachula, donde juegan <strong>Miguel Pinto<\/strong>, titular los 90, e <strong>Isaac D\u00edaz<\/strong> que ingreso a los 75 minutos y sali\u00f3 expulsado a los 83\u2019, vencieron 1 a 0 al Atlante. Con este triunfo el equipo de los chilenos se mantiene firme para lograr subir de categor\u00eda.<\/p>\n<p>Al otro lado de la cordillera, <strong>Jos\u00e9 Rojas<\/strong> se sigue consolidando como titular en Belgrano. El equipo cordob\u00e9s donde milita el \u201cPepe\u201d, sigue en su irregular campa\u00f1a y sumo una derrota 2 a 0 ante Olimpo de Bah\u00eda Blanca.<\/p>\n","protected":false},"excerpt":{"rendered":"<p>Varios ex jugadores de la \u201cU\u201d tuvieron acci\u00f3n en sus respectivos equipos, repartidos por las distintas ligas del orbe. Fue muy variado lo que dejo esta fecha de f\u00fatbol internacional.<\/p>\n","protected":false},"author":21386,"featured_media":8928,"comment_status":"closed","ping_status":"open","sticky":false,"template":"","format":"standard","meta":{"footnotes":""},"categories":[18],"tags":[454,96,55,632,217,51,82,58,631,633,124],"class_list":{"0":"post-8885","1":"post","2":"type-post","3":"status-publish","4":"format-standard","5":"has-post-thumbnail","7":"category-actualidad","8":"tag-actualidad","9":"tag-angelo-henriquez","10":"tag-azules-por-el-mundo","11":"tag-eduardo-vargas","12":"tag-isaac-diaz","13":"tag-jose-rojas","14":"tag-manuel-iturra","15":"tag-marcelo-diaz","16":"tag-mauricio-pinilla","17":"tag-miguel-pinto","18":"tag-pedro-morales"},"_links":{"self":[{"href":"https:\/\/www.rincondelbulla.cl\/portal\/wp-json\/wp\/v2\/posts\/8885","targetHints":{"allow":["GET"]}}],"collection":[{"href":"https:\/\/www.rincondelbulla.cl\/portal\/wp-json\/wp\/v2\/posts"}],"about":[{"href":"https:\/\/www.rincondelbulla.cl\/portal\/wp-json\/wp\/v2\/types\/post"}],"author":[{"embeddable":true,"href":"https:\/\/www.rincondelbulla.cl\/portal\/wp-json\/wp\/v2\/users\/21386"}],"replies":[{"embeddable":true,"href":"https:\/\/www.rincondelbulla.cl\/portal\/wp-json\/wp\/v2\/comments?post=8885"}],"version-history":[{"count":3,"href":"https:\/\/www.rincondelbulla.cl\/portal\/wp-json\/wp\/v2\/posts\/8885\/revisions"}],"predecessor-version":[{"id":8929,"href":"https:\/\/www.rincondelbulla.cl\/portal\/wp-json\/wp\/v2\/posts\/8885\/revisions\/8929"}],"wp:featuredmedia":[{"embeddable":true,"href":"https:\/\/www.rincondelbulla.cl\/portal\/wp-json\/wp\/v2\/media\/8928"}],"wp:attachment":[{"href":"https:\/\/www.rincondelbulla.cl\/portal\/wp-json\/wp\/v2\/media?parent=8885"}],"wp:term":[{"taxonomy":"category","embeddable":true,"href":"https:\/\/www.rincondelbulla.cl\/portal\/wp-json\/wp\/v2\/categories?post=8885"},{"taxonomy":"post_tag","embeddable":true,"href":"https:\/\/www.rincondelbulla.cl\/portal\/wp-json\/wp\/v2\/tags?post=8885"}],"curies":[{"name":"wp","href":"https:\/\/api.w.org\/{rel}","templated":true}]}}