{"id":9122,"date":"2016-03-18T00:00:04","date_gmt":"2016-03-18T03:00:04","guid":{"rendered":"http:\/\/www.rincondelbulla.cl\/portal\/?p=9122"},"modified":"2016-03-18T17:45:04","modified_gmt":"2016-03-18T20:45:04","slug":"canales-agota-las-opciones-para-estar-en-el-superclasico","status":"publish","type":"post","link":"https:\/\/www.rincondelbulla.cl\/portal\/2016\/03\/18\/canales-agota-las-opciones-para-estar-en-el-superclasico\/","title":{"rendered":"Canales agota las opciones para estar en el Supercl\u00e1sico"},"content":{"rendered":"<p><img loading=\"lazy\" decoding=\"async\" class=\"alignnone size-full wp-image-6378\" src=\"http:\/\/www.rincondelbulla.cl\/portal\/wp-content\/uploads\/2014\/12\/canalescampeon.jpg\" alt=\"Canales Campe\u00f3n\" width=\"1100\" height=\"700\" srcset=\"https:\/\/www.rincondelbulla.cl\/portal\/wp-content\/uploads\/2014\/12\/canalescampeon.jpg 1100w, https:\/\/www.rincondelbulla.cl\/portal\/wp-content\/uploads\/2014\/12\/canalescampeon-300x191.jpg 300w, https:\/\/www.rincondelbulla.cl\/portal\/wp-content\/uploads\/2014\/12\/canalescampeon-768x489.jpg 768w, https:\/\/www.rincondelbulla.cl\/portal\/wp-content\/uploads\/2014\/12\/canalescampeon-696x443.jpg 696w, https:\/\/www.rincondelbulla.cl\/portal\/wp-content\/uploads\/2014\/12\/canalescampeon-1068x680.jpg 1068w, https:\/\/www.rincondelbulla.cl\/portal\/wp-content\/uploads\/2014\/12\/canalescampeon-660x420.jpg 660w\" sizes=\"auto, (max-width: 1100px) 100vw, 1100px\" \/><\/p>\n<p><strong>Sebasti\u00e1n Beccacece prepara al equipo para poder enfrentarse ante Colo Colo este domingo. Una de sus cartas de gol es sin duda Gustavo Canales, quien ha sido cuidado por el t\u00e9cnico azul para poder llegar al supercl\u00e1sico.<\/strong><!--more--><\/p>\n<p><span style=\"font-weight: 400;\">Gustavo es una de las principales figuras de los azules y el principal candidato para fabricar opciones de peligro. Sin embargo, el delantero no ha tenido una campa\u00f1a regular, tras sufrir constantes dolores en el tobillo izquierdo, del que fue operado en el 2015. Debido a esto, al atacante se le ha visto poco en cancha y no ha jugado tiempo completo.<\/span><\/p>\n<p><span style=\"font-weight: 400;\">Es por esto que Beccacece ha querido cuidar a Gustavo Canales, por lo cuale no fue citado a algunos partidos anteriores, para que pueda llegar en buenas condiciones al cotejo ante Colo Colo.<\/span><\/p>\n<p><span style=\"font-weight: 400;\">Para apurar su recuperaci\u00f3n, el argentino viaj\u00f3 hasta Ecuador para tratarse con el fisioterapeuta Jos\u00e9 Amador, quien ya ha atendido a otros jugadores chilenos. El delantero lleg\u00f3 a Chile en el transcurso de la semana y se encuentra en recuperaci\u00f3n para poder llegar al encuentro ante su principal rival del f\u00fatbol chileno.<\/span><\/p>\n","protected":false},"excerpt":{"rendered":"<p>Sebasti\u00e1n Beccacece prepara al equipo para poder enfrentarse ante Colo Colo este domingo. Una de sus cartas de gol es sin duda Gustavo Canales, quien ha sido cuidado por el t\u00e9cnico azul para poder llegar al supercl\u00e1sico.<\/p>\n","protected":false},"author":21385,"featured_media":8467,"comment_status":"closed","ping_status":"open","sticky":false,"template":"","format":"standard","meta":{"footnotes":""},"categories":[18],"tags":[454,513,56,44],"class_list":{"0":"post-9122","1":"post","2":"type-post","3":"status-publish","4":"format-standard","5":"has-post-thumbnail","7":"category-actualidad","8":"tag-actualidad","9":"tag-clausura-2015-2016","10":"tag-gustavo-canales","11":"tag-superclasico"},"_links":{"self":[{"href":"https:\/\/www.rincondelbulla.cl\/portal\/wp-json\/wp\/v2\/posts\/9122","targetHints":{"allow":["GET"]}}],"collection":[{"href":"https:\/\/www.rincondelbulla.cl\/portal\/wp-json\/wp\/v2\/posts"}],"about":[{"href":"https:\/\/www.rincondelbulla.cl\/portal\/wp-json\/wp\/v2\/types\/post"}],"author":[{"embeddable":true,"href":"https:\/\/www.rincondelbulla.cl\/portal\/wp-json\/wp\/v2\/users\/21385"}],"replies":[{"embeddable":true,"href":"https:\/\/www.rincondelbulla.cl\/portal\/wp-json\/wp\/v2\/comments?post=9122"}],"version-history":[{"count":1,"href":"https:\/\/www.rincondelbulla.cl\/portal\/wp-json\/wp\/v2\/posts\/9122\/revisions"}],"predecessor-version":[{"id":9123,"href":"https:\/\/www.rincondelbulla.cl\/portal\/wp-json\/wp\/v2\/posts\/9122\/revisions\/9123"}],"wp:featuredmedia":[{"embeddable":true,"href":"https:\/\/www.rincondelbulla.cl\/portal\/wp-json\/wp\/v2\/media\/8467"}],"wp:attachment":[{"href":"https:\/\/www.rincondelbulla.cl\/portal\/wp-json\/wp\/v2\/media?parent=9122"}],"wp:term":[{"taxonomy":"category","embeddable":true,"href":"https:\/\/www.rincondelbulla.cl\/portal\/wp-json\/wp\/v2\/categories?post=9122"},{"taxonomy":"post_tag","embeddable":true,"href":"https:\/\/www.rincondelbulla.cl\/portal\/wp-json\/wp\/v2\/tags?post=9122"}],"curies":[{"name":"wp","href":"https:\/\/api.w.org\/{rel}","templated":true}]}}