{"id":9124,"date":"2016-03-18T00:31:32","date_gmt":"2016-03-18T03:31:32","guid":{"rendered":"http:\/\/www.rincondelbulla.cl\/portal\/?p=9124"},"modified":"2016-03-18T18:19:07","modified_gmt":"2016-03-18T21:19:07","slug":"conoce-a-los-maximos-goleadores-azules-en-superclasicos","status":"publish","type":"post","link":"https:\/\/www.rincondelbulla.cl\/portal\/2016\/03\/18\/conoce-a-los-maximos-goleadores-azules-en-superclasicos\/","title":{"rendered":"Conoce a los m\u00e1ximos goleadores azules en Supercl\u00e1sicos"},"content":{"rendered":"<p><strong>Este domingo se disputa la versi\u00f3n n\u00famero 226 del partido m\u00e1s importante del f\u00fatbol chileno. Es por esto que en Rinc\u00f3n del Bulla hemos querido recordar a los cinco m\u00e1ximos artilleros que han vestido la camiseta de la \u201cU\u00bb<em>.<\/em><\/strong><!--more--><\/p>\n<h2 style=\"text-align: left;\"><strong>Diego Rivarola<br \/>\n<\/strong><\/h2>\n<p><span style=\"font-weight: 400;\"><img loading=\"lazy\" decoding=\"async\" class=\"alignright size-medium wp-image-9163\" src=\"http:\/\/www.rincondelbulla.cl\/portal\/wp-content\/uploads\/2016\/03\/rivarola-nota-200x300.jpg\" alt=\"rivarola-nota\" width=\"200\" height=\"300\" srcset=\"https:\/\/www.rincondelbulla.cl\/portal\/wp-content\/uploads\/2016\/03\/rivarola-nota-200x300.jpg 200w, https:\/\/www.rincondelbulla.cl\/portal\/wp-content\/uploads\/2016\/03\/rivarola-nota-280x420.jpg 280w, https:\/\/www.rincondelbulla.cl\/portal\/wp-content\/uploads\/2016\/03\/rivarola-nota.jpg 466w\" sizes=\"auto, (max-width: 200px) 100vw, 200px\" \/>Con el antecedente de ser el m\u00e1s actual de los goleadores, se encuentra el argentino, y ahora chileno, Diego Gabriel Rivarola. \u201cGok\u00fa\u201d como es conocido entre la fanaticada azul, se posiciona en el quinto lugar con 7 tantos frente a Colo Colo.<\/span><\/p>\n<p><span style=\"font-weight: 400;\">El ahora asesor deportivo del cuadro universitario es siempre recordado por los hinchas debido a su hist\u00f3rico tanto en el a\u00f1o 2004, donde Rivarola se consagr\u00f3 anotando la segunda cifra para Universidad de Chile en el Estadio Monumental. Est\u00e1 en la memoria de los azules la victoria de 2-3 y \u201cGok\u00fa\u201d festejando en la reja del Monumental con su tradicional polera.<\/span><\/p>\n<h2 style=\"text-align: left;\"><strong>Jorge Soc\u00edas<br \/>\n<\/strong><\/h2>\n<p style=\"text-align: center;\"><img loading=\"lazy\" decoding=\"async\" class=\"alignright size-medium wp-image-9164\" src=\"http:\/\/www.rincondelbulla.cl\/portal\/wp-content\/uploads\/2016\/03\/jorge-socias-nota-200x300.jpg\" alt=\"jorge-socias-nota\" width=\"200\" height=\"300\" srcset=\"https:\/\/www.rincondelbulla.cl\/portal\/wp-content\/uploads\/2016\/03\/jorge-socias-nota-200x300.jpg 200w, https:\/\/www.rincondelbulla.cl\/portal\/wp-content\/uploads\/2016\/03\/jorge-socias-nota-280x420.jpg 280w, https:\/\/www.rincondelbulla.cl\/portal\/wp-content\/uploads\/2016\/03\/jorge-socias-nota.jpg 466w\" sizes=\"auto, (max-width: 200px) 100vw, 200px\" \/><\/p>\n<p><span style=\"font-weight: 400;\">Marcando 8 tantos frente al cl\u00e1sico rival, se encuentra el ex jugador y t\u00e9cnico, Jorge \u201cLulo\u201d Soc\u00edas. El delantero que debut\u00f3 por Universidad de Chile en 1971 \u00a0y que en el comienzo de la d\u00e9cada de los 80\u2019s se convirti\u00f3 en uno de los jugadores fundamentales del plantel y en capit\u00e1n del equipo.<\/span><\/p>\n<p><span style=\"font-weight: 400;\">El \u201cLulo\u201d es recordado por su m\u00e1gica actuaci\u00f3n el 18 de noviembre de 1972, donde marcara todos los goles en la victoria del le\u00f3n por 3-0 en el estadio Nacional.<\/span><\/p>\n<p>&nbsp;<\/p>\n<h2 style=\"text-align: left;\"><strong>H\u00e9ctor Rub\u00e9n Marcos<\/strong><\/h2>\n<p style=\"text-align: center;\">\n<p><img loading=\"lazy\" decoding=\"async\" class=\"alignright size-medium wp-image-9166\" src=\"http:\/\/www.rincondelbulla.cl\/portal\/wp-content\/uploads\/2016\/03\/ruben-marcos-nota-1-200x300.jpg\" alt=\"ruben-marcos-nota\" width=\"200\" height=\"300\" srcset=\"https:\/\/www.rincondelbulla.cl\/portal\/wp-content\/uploads\/2016\/03\/ruben-marcos-nota-1-200x300.jpg 200w, https:\/\/www.rincondelbulla.cl\/portal\/wp-content\/uploads\/2016\/03\/ruben-marcos-nota-1-280x420.jpg 280w, https:\/\/www.rincondelbulla.cl\/portal\/wp-content\/uploads\/2016\/03\/ruben-marcos-nota-1.jpg 466w\" sizes=\"auto, (max-width: 200px) 100vw, 200px\" \/>Otro nombre que destaca en la lista es el mediocampista oriundo de Osorno, \u00a0H\u00e9ctor Rub\u00e9n Marcos. \u00a0El futbolista que tuvo su \u00e9poca dorada en el Ballet Azul, destaca por hacer entrar el bal\u00f3n 9 veces en porter\u00eda alba.<\/p>\n<p><span style=\"font-weight: 400;\">El \u201cSiete Pulmones\u201d es recordado por ser un mediocampista con gran olfato goleador, llegando a ser comparado con Alfredo Di St\u00e9fano. Una de sus marcas, no s\u00f3lo de gran nivel frente a colocolinos, es el total de goles que hizo por la escuadra estudiantil; marc\u00f3 110 goles en 254 partidos.<\/span><\/p>\n<h2 style=\"text-align: left;\"><strong>Leonel S\u00e1nchez<\/strong><\/h2>\n<p style=\"text-align: center;\">\n<p><span style=\"font-weight: 400;\"><img loading=\"lazy\" decoding=\"async\" class=\"alignleft size-medium wp-image-9167\" src=\"http:\/\/www.rincondelbulla.cl\/portal\/wp-content\/uploads\/2016\/03\/leonel-sanchez-nota-200x300.jpg\" alt=\"leonel-sanchez-nota\" width=\"200\" height=\"300\" srcset=\"https:\/\/www.rincondelbulla.cl\/portal\/wp-content\/uploads\/2016\/03\/leonel-sanchez-nota-200x300.jpg 200w, https:\/\/www.rincondelbulla.cl\/portal\/wp-content\/uploads\/2016\/03\/leonel-sanchez-nota-280x420.jpg 280w, https:\/\/www.rincondelbulla.cl\/portal\/wp-content\/uploads\/2016\/03\/leonel-sanchez-nota.jpg 466w\" sizes=\"auto, (max-width: 200px) 100vw, 200px\" \/>Superando los 10 goles marcados en Supercl\u00e1sicos, se encuentra uno de los grandes emblemas del club. Leonel S\u00e1nchez se posiciona con autoridad en ese listado con 13 goles anotados para estas ocasiones. <\/span><\/p>\n<p><span style=\"font-weight: 400;\">Como uno de los referentes del Ballet Azul y uno de los m\u00e1ximos goleadores de Chile, S\u00e1nchez creci\u00f3 en la cantera bullanguera hasta llegar al profesionalismo. Desde all\u00ed, en 1953, comenz\u00f3 a mostrar su talento en el campeonato chileno, para luego dar paso a las ligas europeas.<\/span><\/p>\n<p>&nbsp;<\/p>\n<h2 style=\"text-align: left;\"><strong>Carlos Campos<br \/>\n<\/strong><\/h2>\n<p><span style=\"font-weight: 400;\"><img loading=\"lazy\" decoding=\"async\" class=\"alignright size-medium wp-image-9168\" src=\"http:\/\/www.rincondelbulla.cl\/portal\/wp-content\/uploads\/2016\/03\/carlos-campos-nota-200x300.jpg\" alt=\"carlos-campos-nota\" width=\"200\" height=\"300\" srcset=\"https:\/\/www.rincondelbulla.cl\/portal\/wp-content\/uploads\/2016\/03\/carlos-campos-nota-200x300.jpg 200w, https:\/\/www.rincondelbulla.cl\/portal\/wp-content\/uploads\/2016\/03\/carlos-campos-nota-280x420.jpg 280w, https:\/\/www.rincondelbulla.cl\/portal\/wp-content\/uploads\/2016\/03\/carlos-campos-nota.jpg 466w\" sizes=\"auto, (max-width: 200px) 100vw, 200px\" \/>Finalmente, con 16 goles anotados en Supercl\u00e1sicos, se encuentra el \u201cTanque\u201d Campos, quien es el m\u00e1ximo goleador de Universidad de Chile, con caracter\u00edsticas como el cabezazo y la frialdad frente al portero como ejes en sus habilidades.<\/span><\/p>\n<p><span style=\"font-weight: 400;\">El \u201cTanque\u201d hizo su debut en el cuadro laico en 1956 y desde ah\u00ed comenz\u00f3 a batir las marcas que lo hicieron consagrarse como el m\u00e1ximo referente de \u00e1rea azul, con \u00a0197 anotaciones. Frente a \u00a0Colo Colo, Campos no tuvo problemas en seguir rompiendo marcas, consagr\u00e1ndose en 16 ocasiones frente al arco.<\/span><\/p>\n","protected":false},"excerpt":{"rendered":"<p>Este domingo se disputa la versi\u00f3n n\u00famero 226 del partido m\u00e1s importante del f\u00fatbol chileno. Es por esto que en Rinc\u00f3n del Bulla hemos querido recordar a los cinco m\u00e1ximos artilleros que han vestido la camiseta de la \u201cU\u00bb.<\/p>\n","protected":false},"author":21388,"featured_media":9130,"comment_status":"closed","ping_status":"open","sticky":false,"template":"","format":"standard","meta":{"footnotes":""},"categories":[18],"tags":[454,657,45,126,648,656,655,68,44],"class_list":{"0":"post-9124","1":"post","2":"type-post","3":"status-publish","4":"format-standard","5":"has-post-thumbnail","7":"category-actualidad","8":"tag-actualidad","9":"tag-carlos-campos","10":"tag-diego-rivarola","11":"tag-especiales","12":"tag-goleadores","13":"tag-hector-ruben-marcos","14":"tag-jorge-socias","15":"tag-leonel-sanchez","16":"tag-superclasico"},"_links":{"self":[{"href":"https:\/\/www.rincondelbulla.cl\/portal\/wp-json\/wp\/v2\/posts\/9124","targetHints":{"allow":["GET"]}}],"collection":[{"href":"https:\/\/www.rincondelbulla.cl\/portal\/wp-json\/wp\/v2\/posts"}],"about":[{"href":"https:\/\/www.rincondelbulla.cl\/portal\/wp-json\/wp\/v2\/types\/post"}],"author":[{"embeddable":true,"href":"https:\/\/www.rincondelbulla.cl\/portal\/wp-json\/wp\/v2\/users\/21388"}],"replies":[{"embeddable":true,"href":"https:\/\/www.rincondelbulla.cl\/portal\/wp-json\/wp\/v2\/comments?post=9124"}],"version-history":[{"count":7,"href":"https:\/\/www.rincondelbulla.cl\/portal\/wp-json\/wp\/v2\/posts\/9124\/revisions"}],"predecessor-version":[{"id":9169,"href":"https:\/\/www.rincondelbulla.cl\/portal\/wp-json\/wp\/v2\/posts\/9124\/revisions\/9169"}],"wp:featuredmedia":[{"embeddable":true,"href":"https:\/\/www.rincondelbulla.cl\/portal\/wp-json\/wp\/v2\/media\/9130"}],"wp:attachment":[{"href":"https:\/\/www.rincondelbulla.cl\/portal\/wp-json\/wp\/v2\/media?parent=9124"}],"wp:term":[{"taxonomy":"category","embeddable":true,"href":"https:\/\/www.rincondelbulla.cl\/portal\/wp-json\/wp\/v2\/categories?post=9124"},{"taxonomy":"post_tag","embeddable":true,"href":"https:\/\/www.rincondelbulla.cl\/portal\/wp-json\/wp\/v2\/tags?post=9124"}],"curies":[{"name":"wp","href":"https:\/\/api.w.org\/{rel}","templated":true}]}}