{"id":9254,"date":"2016-03-21T01:14:49","date_gmt":"2016-03-21T04:14:49","guid":{"rendered":"http:\/\/www.rincondelbulla.cl\/portal\/?p=9254"},"modified":"2016-03-21T17:32:48","modified_gmt":"2016-03-21T20:32:48","slug":"mejor-suerte-tuvieron-los-azules-que-militan-en-el-extranjero","status":"publish","type":"post","link":"https:\/\/www.rincondelbulla.cl\/portal\/2016\/03\/21\/mejor-suerte-tuvieron-los-azules-que-militan-en-el-extranjero\/","title":{"rendered":"Mejor suerte tuvieron los azules que militan en el extranjero"},"content":{"rendered":"<figure id=\"attachment_9274\" aria-describedby=\"caption-attachment-9274\" style=\"width: 1100px\" class=\"wp-caption aligncenter\"><img loading=\"lazy\" decoding=\"async\" class=\"wp-image-9274 size-full\" src=\"http:\/\/www.rincondelbulla.cl\/portal\/wp-content\/uploads\/2016\/03\/eduardo-vargas-gol.jpg\" alt=\"\" width=\"1100\" height=\"733\" srcset=\"https:\/\/www.rincondelbulla.cl\/portal\/wp-content\/uploads\/2016\/03\/eduardo-vargas-gol.jpg 1100w, https:\/\/www.rincondelbulla.cl\/portal\/wp-content\/uploads\/2016\/03\/eduardo-vargas-gol-300x200.jpg 300w, https:\/\/www.rincondelbulla.cl\/portal\/wp-content\/uploads\/2016\/03\/eduardo-vargas-gol-768x512.jpg 768w, https:\/\/www.rincondelbulla.cl\/portal\/wp-content\/uploads\/2016\/03\/eduardo-vargas-gol-696x464.jpg 696w, https:\/\/www.rincondelbulla.cl\/portal\/wp-content\/uploads\/2016\/03\/eduardo-vargas-gol-1068x712.jpg 1068w, https:\/\/www.rincondelbulla.cl\/portal\/wp-content\/uploads\/2016\/03\/eduardo-vargas-gol-630x420.jpg 630w\" sizes=\"auto, (max-width: 1100px) 100vw, 1100px\" \/><figcaption id=\"caption-attachment-9274\" class=\"wp-caption-text\">Vargas celebra su gol ante el Hamburgo<\/figcaption><\/figure>\n<p><b>Nuevo fin de semana de f\u00fatbol en el planeta, por lo mismo varios ex jugadores azules tuvieron participaciones en sus respectivos equipos. Las ligas se detendr\u00e1n el pr\u00f3ximo fin de semana, dado a que habr\u00e1 fecha FIFA.<\/b><!--more--><\/p>\n<p><span style=\"font-weight: 400;\">Comenzando el recorrido de los ex Universidad<\/span> <span style=\"font-weight: 400;\">de Chile, nos dirigimos a Europa. En Alemania, <\/span><b>Eduardo Vargas <\/b><span style=\"font-weight: 400;\">ingres\u00f3 a los 62 minutos de partido y se despach\u00f3 un golazo, con el que puso el 3 a 0 definitivo, en la victoria de su equipo, Hoffenheim sobre el Hamburgo. Con esta victoria el cuadro del chileno quedo en zona de promoci\u00f3n y sigue luchando para mantenerse en la Bundesliga, adem\u00e1s \u201cTurbo-man\u201d cort\u00f3 una mala racha de seis meses sin convertir un gol por su club.<\/span><\/p>\n<p><b>Marcelo D\u00edaz <\/b><span style=\"font-weight: 400;\">en Espa\u00f1a jug\u00f3 todo el encuentro y cumpli\u00f3 un buen cometido en el triunfo del Celta al Valencia por 2 goles contra 0. Por el momento, el equipo de Berizzo est\u00e1 en posiciones de Europa League.<\/span><\/p>\n<p><b>\u00c1ngelo Henr\u00edquez <\/b><span style=\"font-weight: 400;\">fue titular los 90 minutos y cay\u00f3 por la cuenta m\u00ednima en el supercl\u00e1sico de la liga croata, a manos del Hajduk Split. Con respecto al compatriota, <\/span><b>Junior Fern\u00e1ndez<\/b><span style=\"font-weight: 400;\">, se rumorea que fue separado del equipo por una conducta de indisciplina. <\/span><\/p>\n<p><span style=\"font-weight: 400;\">En Italia, <\/span><b>Mauricio Pinilla <\/b><span style=\"font-weight: 400;\">disput\u00f3 todo el partido, en la victoria del Atalanta contra el Bologna por 2 a 0. \u201cPinigol\u201d fall\u00f3 desde los doce pasos, pero esto no fue impedimento para su equipo, ya que logr\u00f3 alejarse de los puestos del descenso.<\/span><\/p>\n<p><span style=\"font-weight: 400;\">Por nuestro continente, pero en Norteam\u00e9rica. Hubo un ex azul que fue figura en su equipo, al marcar un doblete en el partido. <\/span><b>Pedro Morales<\/b><span style=\"font-weight: 400;\">, marc\u00f3 ambos goles de penal, para que su cuadro, Vancouver Whitecaps superara al Seattle Sounders por la MLS.<\/span><\/p>\n<p><span style=\"font-weight: 400;\">En tierras aztecas, tres ex jugadores universitarios tuvieron acci\u00f3n. Necaxa de <\/span><b>Marcos Gonz\u00e1lez<\/b><span style=\"font-weight: 400;\">, que fue titular<\/span> <span style=\"font-weight: 400;\">y <\/span><b>Luis Felipe Gallegos<\/b><span style=\"font-weight: 400;\">, que particip\u00f3 desde los 70 minutos, estuvieron presentes en la victoria 4 a 2 del cuadro \u201cHydrorrayo\u201d sobre los Cimarrones de Sonora.<\/span><\/p>\n<p><b>Miguel Pinto<\/b><span style=\"font-weight: 400;\">, actu\u00f3 en la derrota de los Cafetaleros de Tapachula 2 a 1 contra los Venados. <\/span><b>Isaac D\u00edaz <\/b><span style=\"font-weight: 400;\">en tanto<\/span> <span style=\"font-weight: 400;\">no fue citado. Los de Tapachula con esta ca\u00edda quedan en la segunda posici\u00f3n del ascenso mexicano.<\/span><\/p>\n<p><span style=\"font-weight: 400;\">Otro jugador que fue figura en su equipo, fue <\/span><b>Edson Puch<\/b><span style=\"font-weight: 400;\">. El elenco dirigido por el \u201cBichi\u201d Borghi, gan\u00f3 gracias al solitario gol del ex Universidad de Chile. Con este triunfo la \u201cLiga de Quito\u201d se posiciona d\u00e9cima en la tabla, pero con tres partidos menos.<\/span><\/p>\n<p><b>Eugenio Mena<\/b><span style=\"font-weight: 400;\">, sufri\u00f3 un empate ag\u00f3nico en el Paulistao. Sao Paulo ganaba c\u00f3modamente hasta el \u00faltimo minuto de partido, cuando el Ituano lograr\u00eda el empate. Con este punto el cuadro del \u201cChueco\u201d perdi\u00f3 el liderato del grupo C.<\/span><\/p>\n<p><span style=\"font-weight: 400;\">Al otro lado de la cordillera de los Andes, Belgrano sigue con su irregular campa\u00f1a y volvi\u00f3 a perder, ahora 3 a 2, contra V\u00e9lez. <\/span><b>Jos\u00e9 Rojas <\/b><span style=\"font-weight: 400;\">particip\u00f3 solo de la primera parte del choque.<\/span><\/p>\n","protected":false},"excerpt":{"rendered":"<p>Nuevo fin de semana de f\u00fatbol en el planeta, por lo mismo varios ex jugadores azules tuvieron participaciones en sus respectivos equipos. Las ligas se detendr\u00e1n el pr\u00f3ximo fin de semana, dado a que habr\u00e1 fecha FIFA.<\/p>\n","protected":false},"author":21386,"featured_media":9274,"comment_status":"closed","ping_status":"open","sticky":false,"template":"","format":"standard","meta":{"footnotes":""},"categories":[18],"tags":[454,96,55,448,632,101,51,677,678,58,46,631,633,124],"class_list":{"0":"post-9254","1":"post","2":"type-post","3":"status-publish","4":"format-standard","5":"has-post-thumbnail","7":"category-actualidad","8":"tag-actualidad","9":"tag-angelo-henriquez","10":"tag-azules-por-el-mundo","11":"tag-edson-puch","12":"tag-eduardo-vargas","13":"tag-eugenio-mena","14":"tag-jose-rojas","15":"tag-junior-fernandez","16":"tag-luis-felipe-gallegos","17":"tag-marcelo-diaz","18":"tag-marcos-gonzalez","19":"tag-mauricio-pinilla","20":"tag-miguel-pinto","21":"tag-pedro-morales"},"_links":{"self":[{"href":"https:\/\/www.rincondelbulla.cl\/portal\/wp-json\/wp\/v2\/posts\/9254","targetHints":{"allow":["GET"]}}],"collection":[{"href":"https:\/\/www.rincondelbulla.cl\/portal\/wp-json\/wp\/v2\/posts"}],"about":[{"href":"https:\/\/www.rincondelbulla.cl\/portal\/wp-json\/wp\/v2\/types\/post"}],"author":[{"embeddable":true,"href":"https:\/\/www.rincondelbulla.cl\/portal\/wp-json\/wp\/v2\/users\/21386"}],"replies":[{"embeddable":true,"href":"https:\/\/www.rincondelbulla.cl\/portal\/wp-json\/wp\/v2\/comments?post=9254"}],"version-history":[{"count":3,"href":"https:\/\/www.rincondelbulla.cl\/portal\/wp-json\/wp\/v2\/posts\/9254\/revisions"}],"predecessor-version":[{"id":9276,"href":"https:\/\/www.rincondelbulla.cl\/portal\/wp-json\/wp\/v2\/posts\/9254\/revisions\/9276"}],"wp:featuredmedia":[{"embeddable":true,"href":"https:\/\/www.rincondelbulla.cl\/portal\/wp-json\/wp\/v2\/media\/9274"}],"wp:attachment":[{"href":"https:\/\/www.rincondelbulla.cl\/portal\/wp-json\/wp\/v2\/media?parent=9254"}],"wp:term":[{"taxonomy":"category","embeddable":true,"href":"https:\/\/www.rincondelbulla.cl\/portal\/wp-json\/wp\/v2\/categories?post=9254"},{"taxonomy":"post_tag","embeddable":true,"href":"https:\/\/www.rincondelbulla.cl\/portal\/wp-json\/wp\/v2\/tags?post=9254"}],"curies":[{"name":"wp","href":"https:\/\/api.w.org\/{rel}","templated":true}]}}