{"id":9347,"date":"2016-03-29T08:29:30","date_gmt":"2016-03-29T11:29:30","guid":{"rendered":"http:\/\/www.rincondelbulla.cl\/portal\/?p=9347"},"modified":"2016-03-29T08:29:30","modified_gmt":"2016-03-29T11:29:30","slug":"columna-de-opinion-llego-la-hora-del-samurai","status":"publish","type":"post","link":"https:\/\/www.rincondelbulla.cl\/portal\/2016\/03\/29\/columna-de-opinion-llego-la-hora-del-samurai\/","title":{"rendered":"Columna de opini\u00f3n: Lleg\u00f3 la hora del Samurai"},"content":{"rendered":"<figure id=\"attachment_9361\" aria-describedby=\"caption-attachment-9361\" style=\"width: 960px\" class=\"wp-caption alignnone\"><img loading=\"lazy\" decoding=\"async\" class=\"size-full wp-image-9361\" src=\"http:\/\/www.rincondelbulla.cl\/portal\/wp-content\/uploads\/2016\/03\/Herrera-Selecci\u00f3n.jpg\" alt=\"Foto: Anfp.cl\" width=\"960\" height=\"640\" srcset=\"https:\/\/www.rincondelbulla.cl\/portal\/wp-content\/uploads\/2016\/03\/Herrera-Selecci\u00f3n.jpg 960w, https:\/\/www.rincondelbulla.cl\/portal\/wp-content\/uploads\/2016\/03\/Herrera-Selecci\u00f3n-300x200.jpg 300w, https:\/\/www.rincondelbulla.cl\/portal\/wp-content\/uploads\/2016\/03\/Herrera-Selecci\u00f3n-768x512.jpg 768w, https:\/\/www.rincondelbulla.cl\/portal\/wp-content\/uploads\/2016\/03\/Herrera-Selecci\u00f3n-696x464.jpg 696w, https:\/\/www.rincondelbulla.cl\/portal\/wp-content\/uploads\/2016\/03\/Herrera-Selecci\u00f3n-630x420.jpg 630w\" sizes=\"auto, (max-width: 960px) 100vw, 960px\" \/><figcaption id=\"caption-attachment-9361\" class=\"wp-caption-text\">Foto: Anfp.cl<\/figcaption><\/figure>\n<p><!--more-->Hoy el despertar para muchos de nosotros fue diferente, especialmente para quienes amamos la camiseta azul y el f\u00fatbol en general. Nos levantamos con una sensaci\u00f3n en la guata de que por fin se pagar\u00e1 \u00a0la deuda que la selecci\u00f3n chilena mantiene con uno de los mejores porteros que ha tenido y tiene nuestro pa\u00eds. Es una situaci\u00f3n que no deja indiferente a nadie, ni al hincha de la \u201cU\u201d ni al de la contra. Ni siquiera a ese hincha azul que constantemente reniega seguir a la Roja.<\/p>\n<p>Si todo sigue su cauce normal, este martes en Barinas, Johnny Herrera defender\u00e1 el arco nacional ante Venezuela. Han sido catorce a\u00f1os de espera, donde las decisiones de algunos t\u00e9cnicos y la \u201ccabeza dura\u201d de otros, han alejado al Samurai de la oportunidad vestir los colores patrios de nuestra selecci\u00f3n en un partido de verdad.<\/p>\n<p>Pero nuestro referente y actual capit\u00e1n sabe que las cosas no son f\u00e1ciles y la vida se ha encargado de remarc\u00e1rselo. Con una infancia marcada por la ausencia de una imagen paterna, debi\u00f3 ver como su vieja, Gladys Mu\u00f1oz, se sacaba la cresta por \u00e9l y sus hermanos para que no les faltara nada. El 8 de junio de 1991, cuando una parte del pa\u00eds a\u00fan celebraba la obtenci\u00f3n de un t\u00edtulo internacional de un equipo de f\u00fatbol chileno, sufri\u00f3 otro duro golpe: mientras se encontraba internado en el Hospital de Angol se entera de la muerte de su hermano Alejandro en un accidente de tr\u00e1nsito, mientras este regresaba al pueblo para visitarlo de manera \u201cclandestina\u201d como lo hac\u00eda durante las noches que el peque\u00f1o Johnny permaneci\u00f3 hospitalizado.<\/p>\n<p>El f\u00fatbol tambi\u00e9n le puso trabas. Por querer cumplir su sue\u00f1o, debi\u00f3 partir a temprana edad a Santiago para entrenar en la \u201cU\u201d. Ya incluido en el plantel de honor, conocidas son sus disputas con el entonces titular y emblema Sergio \u201cSuperman\u201d Vargas, a qui\u00e9n habr\u00eda reprochado alguna vez su \u201csoberbia\u201d de no querer entrenar con los arqueros que hac\u00edan la suplencia. El car\u00e1cter de Herrera comenzaba a hacerse conocido.<\/p>\n<p>De ah\u00ed en adelante vinieron mejores tiempos. Campe\u00f3n en varias oportunidades con los azules, y en una de ellas como protagonista, se va a fines de 2005 a probar suerte a Brasil, paso que no fue del todo destacado. Regres\u00f3 a Chile y en 2008 le dio una nueva alegr\u00eda a los hinchas azules, pero esta vez defendiendo la camiseta de Everton. Con \u00e9l como titular, los \u201conce guerreros vi\u00f1amarinos\u201d derrotan la soberbia del entonces mejor equipo de Chile, quit\u00e1ndoles un pentacampeonato y dejando a los vendedores de banderitas con la frase impresa en sus telas.<\/p>\n<p>Sin embargo, a fines de 2009, la vida le ten\u00eda preparada otra prueba a Johnny. El 20 de diciembre, protagoniza un accidente de tr\u00e1nsito que acaba con la vida de una joven en La Reina. El exceso de velocidad y al imprudencia de ambos, desencadenan una tragedia que hasta el d\u00eda de hoy ha marcado su vida y su carrera deportiva. Audax Italiano, su club en ese entonces, le brinda todo el apoyo para superar este episodio. A principios de 2011, al \u201cU\u201d lo recibe nuevamente en casa, lugar donde ha cosechado alegr\u00edas, t\u00edtulos y se ha consagrado como \u00eddolo de la instituci\u00f3n.<\/p>\n<p>Johnny, Samurai, Referente, Capit\u00e1n, \u00cddolo: Ha sido un largo y empedrado camino el que debiste recorrer para llegar al sitial en el que te encuentra, ese que en pocas horas m\u00e1s te permitir\u00eda debutar, tras a\u00f1os de espera, en el arco nacional \u201cpor los puntos\u201d. Muchas cr\u00edticas se han escuchado por esta decisi\u00f3n y son entendibles: no eres del gusto de muchos, pero tus logros avalan la designaci\u00f3n. Como hincha de la \u201cU\u201d y del f\u00fatbol te deseo \u00e9xito. S\u00e9 que te entregaras como lo haces cuando defiendes nuestros colores y dejaras todo en la cancha. Cumplir\u00e1s el sue\u00f1o de que tu vieja te viera jugar por Chile alguna vez, quiz\u00e1s no fue en un Mundial, pero eso solo fue un hecho fortuito del destino. La se\u00f1ora Gladys una vez m\u00e1s estar\u00e1 orgullosa de ti.<\/p>\n<p>\u00c9xito hoy Samurai, te lo mereces. Una vez m\u00e1s, gracias por todo!!!<\/p>\n","protected":false},"excerpt":{"rendered":"","protected":false},"author":21382,"featured_media":9360,"comment_status":"closed","ping_status":"open","sticky":false,"template":"","format":"standard","meta":{"footnotes":""},"categories":[18],"tags":[692,454,475,689,693,553,691,41,600,36,157,500,690,569,53,156,688],"class_list":{"0":"post-9347","1":"post","2":"type-post","3":"status-publish","4":"format-standard","5":"has-post-thumbnail","7":"category-actualidad","8":"tag-accidente-autommovilistico","9":"tag-actualidad","10":"tag-audax-italiano","11":"tag-barinas","12":"tag-capitan-idolo","13":"tag-debut","14":"tag-gladys-munoz","15":"tag-johnny-herrera","16":"tag-muerte","17":"tag-opinion","18":"tag-portada","19":"tag-referente","20":"tag-samurai","21":"tag-samurai-azul","22":"tag-seleccion-chilena","23":"tag-universidad-de-chile","24":"tag-venezuela"},"_links":{"self":[{"href":"https:\/\/www.rincondelbulla.cl\/portal\/wp-json\/wp\/v2\/posts\/9347","targetHints":{"allow":["GET"]}}],"collection":[{"href":"https:\/\/www.rincondelbulla.cl\/portal\/wp-json\/wp\/v2\/posts"}],"about":[{"href":"https:\/\/www.rincondelbulla.cl\/portal\/wp-json\/wp\/v2\/types\/post"}],"author":[{"embeddable":true,"href":"https:\/\/www.rincondelbulla.cl\/portal\/wp-json\/wp\/v2\/users\/21382"}],"replies":[{"embeddable":true,"href":"https:\/\/www.rincondelbulla.cl\/portal\/wp-json\/wp\/v2\/comments?post=9347"}],"version-history":[{"count":4,"href":"https:\/\/www.rincondelbulla.cl\/portal\/wp-json\/wp\/v2\/posts\/9347\/revisions"}],"predecessor-version":[{"id":9362,"href":"https:\/\/www.rincondelbulla.cl\/portal\/wp-json\/wp\/v2\/posts\/9347\/revisions\/9362"}],"wp:featuredmedia":[{"embeddable":true,"href":"https:\/\/www.rincondelbulla.cl\/portal\/wp-json\/wp\/v2\/media\/9360"}],"wp:attachment":[{"href":"https:\/\/www.rincondelbulla.cl\/portal\/wp-json\/wp\/v2\/media?parent=9347"}],"wp:term":[{"taxonomy":"category","embeddable":true,"href":"https:\/\/www.rincondelbulla.cl\/portal\/wp-json\/wp\/v2\/categories?post=9347"},{"taxonomy":"post_tag","embeddable":true,"href":"https:\/\/www.rincondelbulla.cl\/portal\/wp-json\/wp\/v2\/tags?post=9347"}],"curies":[{"name":"wp","href":"https:\/\/api.w.org\/{rel}","templated":true}]}}