{"id":9412,"date":"2016-04-04T13:18:57","date_gmt":"2016-04-04T16:18:57","guid":{"rendered":"http:\/\/www.rincondelbulla.cl\/portal\/?p=9412"},"modified":"2016-04-05T16:56:40","modified_gmt":"2016-04-05T19:56:40","slug":"johnny-herrera-autocritico-si-nos-ahogamos-nos-ahogamos-todos","status":"publish","type":"post","link":"https:\/\/www.rincondelbulla.cl\/portal\/2016\/04\/04\/johnny-herrera-autocritico-si-nos-ahogamos-nos-ahogamos-todos\/","title":{"rendered":"Johnny Herrera autocr\u00edtico: Si nos ahogamos nos ahogamos todos"},"content":{"rendered":"<p><strong>Hoy en el CDA un autocr\u00edtico Johnny Herrera enfrent\u00f3 a los medios, analizando el presente del equipo y el sabor que dej\u00f3 la derrota frente a Wanderers.<\/strong><\/p>\n<p><!--more--><\/p>\n<p>Tras la ca\u00edda en Valpara\u00edso mucho se especul\u00f3 sobre una posible renuncia de Sebasti\u00e1n Beccacece, sin embargo el capit\u00e1n puso pa\u00f1os fr\u00edos sobre la situaci\u00f3n.<\/p>\n<p><strong>Beccacece: <\/strong>Hay que respetar el proceso. Despu\u00e9s de un a\u00f1o se deben tomar las medidas que se deben tomar, no ahora. Somos un equipo serio y hay que hacerlo valer. Estoy seguro de que vamos a remontar. Si nos ahogamos, nos ahogamos todos.<\/p>\n<p><strong>La goleada recibida:<\/strong> Los goles pasan por un tema individual, entonces no podemos echarle la culpa al t\u00e9cnico. No hemos estado a la altura de la circunstancia. Todos somos responsables. Son desconcetraciones que ojal\u00e1 que aprendamos porque no queda mucho tiempo.<\/p>\n<p><strong>La mala racha:<\/strong> Las malas tampoco duran toda la vida; hay que pensar positivo y terminar lo mejor posible llegando a la liguilla. Apuntamos a ganar el viernes a estadio lleno. Sumar de a tres y llegar a la liguilla.<\/p>\n<p><strong>El fantasma de la B: <\/strong>Para que la U se vaya al descenso tendr\u00edan que ocurrir un sinf\u00edn de catastrofes. Objet\u00edvamente es absurdo, pero es parte del folclor del f\u00fatbol.<\/p>\n<p>Cabe destacar que la U recibir\u00e1 en su pr\u00f3ximo duelo a Deportes Iquique, este viernes en el Estadio Nacional a las 20:00 horas.<\/p>\n","protected":false},"excerpt":{"rendered":"<p>Hoy en el CDA un autocr\u00edtico Johnny Herrera enfrent\u00f3 a los medios, analizando el presente del equipo y el sabor que dej\u00f3 la derrota frente a Wanderers.<\/p>\n","protected":false},"author":21383,"featured_media":9414,"comment_status":"closed","ping_status":"open","sticky":false,"template":"","format":"video","meta":{"footnotes":""},"categories":[18],"tags":[454,513,209,41,157],"class_list":{"0":"post-9412","1":"post","2":"type-post","3":"status-publish","4":"format-video","5":"has-post-thumbnail","7":"category-actualidad","8":"tag-actualidad","9":"tag-clausura-2015-2016","10":"tag-conferencia-de-prensa","11":"tag-johnny-herrera","12":"tag-portada","13":"post_format-post-format-video"},"_links":{"self":[{"href":"https:\/\/www.rincondelbulla.cl\/portal\/wp-json\/wp\/v2\/posts\/9412","targetHints":{"allow":["GET"]}}],"collection":[{"href":"https:\/\/www.rincondelbulla.cl\/portal\/wp-json\/wp\/v2\/posts"}],"about":[{"href":"https:\/\/www.rincondelbulla.cl\/portal\/wp-json\/wp\/v2\/types\/post"}],"author":[{"embeddable":true,"href":"https:\/\/www.rincondelbulla.cl\/portal\/wp-json\/wp\/v2\/users\/21383"}],"replies":[{"embeddable":true,"href":"https:\/\/www.rincondelbulla.cl\/portal\/wp-json\/wp\/v2\/comments?post=9412"}],"version-history":[{"count":1,"href":"https:\/\/www.rincondelbulla.cl\/portal\/wp-json\/wp\/v2\/posts\/9412\/revisions"}],"predecessor-version":[{"id":9413,"href":"https:\/\/www.rincondelbulla.cl\/portal\/wp-json\/wp\/v2\/posts\/9412\/revisions\/9413"}],"wp:featuredmedia":[{"embeddable":true,"href":"https:\/\/www.rincondelbulla.cl\/portal\/wp-json\/wp\/v2\/media\/9414"}],"wp:attachment":[{"href":"https:\/\/www.rincondelbulla.cl\/portal\/wp-json\/wp\/v2\/media?parent=9412"}],"wp:term":[{"taxonomy":"category","embeddable":true,"href":"https:\/\/www.rincondelbulla.cl\/portal\/wp-json\/wp\/v2\/categories?post=9412"},{"taxonomy":"post_tag","embeddable":true,"href":"https:\/\/www.rincondelbulla.cl\/portal\/wp-json\/wp\/v2\/tags?post=9412"}],"curies":[{"name":"wp","href":"https:\/\/api.w.org\/{rel}","templated":true}]}}