{"id":9424,"date":"2016-04-06T09:17:31","date_gmt":"2016-04-06T12:17:31","guid":{"rendered":"http:\/\/www.rincondelbulla.cl\/portal\/?p=9424"},"modified":"2016-04-07T15:39:42","modified_gmt":"2016-04-07T18:39:42","slug":"de-mal-en-peor-jugadores-fueron-increpados-por-hinchas-en-un-asado","status":"publish","type":"post","link":"https:\/\/www.rincondelbulla.cl\/portal\/2016\/04\/06\/de-mal-en-peor-jugadores-fueron-increpados-por-hinchas-en-un-asado\/","title":{"rendered":"De mal en peor: Jugadores fueron increpados por hinchas en un asado"},"content":{"rendered":"<figure id=\"attachment_8656\" aria-describedby=\"caption-attachment-8656\" style=\"width: 1100px\" class=\"wp-caption aligncenter\"><img loading=\"lazy\" decoding=\"async\" class=\"size-full wp-image-8656\" src=\"http:\/\/www.rincondelbulla.cl\/portal\/wp-content\/uploads\/2016\/03\/Plantelcla16-2.jpg\" alt=\"Foto: Patricio Gonz\u00e1lez\" width=\"1100\" height=\"733\" srcset=\"https:\/\/www.rincondelbulla.cl\/portal\/wp-content\/uploads\/2016\/03\/Plantelcla16-2.jpg 1100w, https:\/\/www.rincondelbulla.cl\/portal\/wp-content\/uploads\/2016\/03\/Plantelcla16-2-300x200.jpg 300w, https:\/\/www.rincondelbulla.cl\/portal\/wp-content\/uploads\/2016\/03\/Plantelcla16-2-768x512.jpg 768w, https:\/\/www.rincondelbulla.cl\/portal\/wp-content\/uploads\/2016\/03\/Plantelcla16-2-696x464.jpg 696w, https:\/\/www.rincondelbulla.cl\/portal\/wp-content\/uploads\/2016\/03\/Plantelcla16-2-1068x712.jpg 1068w, https:\/\/www.rincondelbulla.cl\/portal\/wp-content\/uploads\/2016\/03\/Plantelcla16-2-630x420.jpg 630w\" sizes=\"auto, (max-width: 1100px) 100vw, 1100px\" \/><figcaption id=\"caption-attachment-8656\" class=\"wp-caption-text\">Foto: Patricio Gonz\u00e1lez<\/figcaption><\/figure>\n<p><strong>Tras la pr\u00e1ctica de este martes, algunos jugadores azules se fueron al sector de La Pinta (Parcelas) a compartir un asado por el cumplea\u00f1os de Gonzalo Espinoza, a la cita llegaron hinchas azules a increpar a los jugadores por su actitud ante el mal momento que vive el equipo.<\/strong><!--more--><\/p>\n<p>En la U todo es duda, al mal momento futbol\u00edstico se suma este nuevo episodio de tensi\u00f3n provocado por parte del plantel e hinchas azules.<\/p>\n<p>Resulta que tras la pr\u00e1ctica de este martes, el volante Gonzalo Espinoza invit\u00f3 a algunos compa\u00f1eros a un asado en el sector sur de Santiago, en una parcela de eventos ubicada en la comuna de La Pintana.<\/p>\n<p><img loading=\"lazy\" decoding=\"async\" class=\"aligncenter size-full wp-image-9425\" src=\"http:\/\/www.rincondelbulla.cl\/portal\/wp-content\/uploads\/2016\/04\/2277374.jpg\" alt=\"Foto: La Cuarta\" width=\"620\" height=\"413\" srcset=\"https:\/\/www.rincondelbulla.cl\/portal\/wp-content\/uploads\/2016\/04\/2277374.jpg 620w, https:\/\/www.rincondelbulla.cl\/portal\/wp-content\/uploads\/2016\/04\/2277374-300x200.jpg 300w\" sizes=\"auto, (max-width: 620px) 100vw, 620px\" \/><\/p>\n<p>Esta noticia no cay\u00f3 bien en algunos hinchas que reprocharon el actuar de estos jugadores que, pese al mal momento que vive el equipo en la cancha y cuestionamiento por su rendimiento y compromiso, se van de juerga a pocos d\u00edas de un partido, que por hoy son finales para no caer en\u00a0zona de descenso.<\/p>\n<p><img loading=\"lazy\" decoding=\"async\" class=\"aligncenter size-full wp-image-9426\" src=\"http:\/\/www.rincondelbulla.cl\/portal\/wp-content\/uploads\/2016\/04\/12959457_10153960104030552_1223280929_o-576x1024.jpg\" alt=\"12959457_10153960104030552_1223280929_o-576x1024\" width=\"576\" height=\"1024\" srcset=\"https:\/\/www.rincondelbulla.cl\/portal\/wp-content\/uploads\/2016\/04\/12959457_10153960104030552_1223280929_o-576x1024.jpg 576w, https:\/\/www.rincondelbulla.cl\/portal\/wp-content\/uploads\/2016\/04\/12959457_10153960104030552_1223280929_o-576x1024-169x300.jpg 169w, https:\/\/www.rincondelbulla.cl\/portal\/wp-content\/uploads\/2016\/04\/12959457_10153960104030552_1223280929_o-576x1024-236x420.jpg 236w\" sizes=\"auto, (max-width: 576px) 100vw, 576px\" \/><\/p>\n<p>Se supo que a Gonzalo Espinoza se sumaron, Joa Ortiz y Cristian Su\u00e1rez.<\/p>\n<p><img loading=\"lazy\" decoding=\"async\" class=\"aligncenter size-full wp-image-9427\" src=\"http:\/\/www.rincondelbulla.cl\/portal\/wp-content\/uploads\/2016\/04\/12959574_10153960104420552_328022519_o-576x1024.jpg\" alt=\"12959574_10153960104420552_328022519_o-576x1024\" width=\"576\" height=\"1024\" srcset=\"https:\/\/www.rincondelbulla.cl\/portal\/wp-content\/uploads\/2016\/04\/12959574_10153960104420552_328022519_o-576x1024.jpg 576w, https:\/\/www.rincondelbulla.cl\/portal\/wp-content\/uploads\/2016\/04\/12959574_10153960104420552_328022519_o-576x1024-169x300.jpg 169w, https:\/\/www.rincondelbulla.cl\/portal\/wp-content\/uploads\/2016\/04\/12959574_10153960104420552_328022519_o-576x1024-236x420.jpg 236w\" sizes=\"auto, (max-width: 576px) 100vw, 576px\" \/><\/p>\n<p>Es de esperar que esta situaci\u00f3n que vive la U pase lo antes posible, por el bien de los hinchas y del club.<\/p>\n<p>FOTOS: titular.cl<\/p>\n","protected":false},"excerpt":{"rendered":"<p>Tras la pr\u00e1ctica de este martes, algunos jugadores azules se fueron al sector de La Pinta (Parcelas) a compartir un asado por el cumplea\u00f1os de Gonzalo Espinoza, a la cita llegaron hinchas azules a increpar a los jugadores por su actitud ante el mal momento que vive el equipo.<\/p>\n","protected":false},"author":59,"featured_media":8656,"comment_status":"closed","ping_status":"open","sticky":false,"template":"","format":"standard","meta":{"footnotes":""},"categories":[18],"tags":[454,513,701,706,102,157,156],"class_list":{"0":"post-9424","1":"post","2":"type-post","3":"status-publish","4":"format-standard","5":"has-post-thumbnail","7":"category-actualidad","8":"tag-actualidad","9":"tag-clausura-2015-2016","10":"tag-escandalo","11":"tag-indiciplina","12":"tag-los-de-abajo","13":"tag-portada","14":"tag-universidad-de-chile"},"_links":{"self":[{"href":"https:\/\/www.rincondelbulla.cl\/portal\/wp-json\/wp\/v2\/posts\/9424","targetHints":{"allow":["GET"]}}],"collection":[{"href":"https:\/\/www.rincondelbulla.cl\/portal\/wp-json\/wp\/v2\/posts"}],"about":[{"href":"https:\/\/www.rincondelbulla.cl\/portal\/wp-json\/wp\/v2\/types\/post"}],"author":[{"embeddable":true,"href":"https:\/\/www.rincondelbulla.cl\/portal\/wp-json\/wp\/v2\/users\/59"}],"replies":[{"embeddable":true,"href":"https:\/\/www.rincondelbulla.cl\/portal\/wp-json\/wp\/v2\/comments?post=9424"}],"version-history":[{"count":4,"href":"https:\/\/www.rincondelbulla.cl\/portal\/wp-json\/wp\/v2\/posts\/9424\/revisions"}],"predecessor-version":[{"id":9434,"href":"https:\/\/www.rincondelbulla.cl\/portal\/wp-json\/wp\/v2\/posts\/9424\/revisions\/9434"}],"wp:featuredmedia":[{"embeddable":true,"href":"https:\/\/www.rincondelbulla.cl\/portal\/wp-json\/wp\/v2\/media\/8656"}],"wp:attachment":[{"href":"https:\/\/www.rincondelbulla.cl\/portal\/wp-json\/wp\/v2\/media?parent=9424"}],"wp:term":[{"taxonomy":"category","embeddable":true,"href":"https:\/\/www.rincondelbulla.cl\/portal\/wp-json\/wp\/v2\/categories?post=9424"},{"taxonomy":"post_tag","embeddable":true,"href":"https:\/\/www.rincondelbulla.cl\/portal\/wp-json\/wp\/v2\/tags?post=9424"}],"curies":[{"name":"wp","href":"https:\/\/api.w.org\/{rel}","templated":true}]}}