{"id":9585,"date":"2016-04-21T01:54:19","date_gmt":"2016-04-21T04:54:19","guid":{"rendered":"http:\/\/www.rincondelbulla.cl\/portal\/?p=9585"},"modified":"2016-04-25T00:02:24","modified_gmt":"2016-04-25T04:02:24","slug":"acompana-a-la-u-en-su-ultimo-duelo-de-local","status":"publish","type":"post","link":"https:\/\/www.rincondelbulla.cl\/portal\/2016\/04\/21\/acompana-a-la-u-en-su-ultimo-duelo-de-local\/","title":{"rendered":"Acompa\u00f1a a la \u00abU\u00bb en su \u00faltimo duelo de local"},"content":{"rendered":"<p><img loading=\"lazy\" decoding=\"async\" class=\"alignnone size-full wp-image-8453\" src=\"http:\/\/www.rincondelbulla.cl\/portal\/wp-content\/uploads\/2016\/02\/Plantelcla16.jpg\" alt=\"Plantel Clausura 2016\" width=\"1100\" height=\"733\" srcset=\"https:\/\/www.rincondelbulla.cl\/portal\/wp-content\/uploads\/2016\/02\/Plantelcla16.jpg 1100w, https:\/\/www.rincondelbulla.cl\/portal\/wp-content\/uploads\/2016\/02\/Plantelcla16-300x200.jpg 300w, https:\/\/www.rincondelbulla.cl\/portal\/wp-content\/uploads\/2016\/02\/Plantelcla16-768x512.jpg 768w, https:\/\/www.rincondelbulla.cl\/portal\/wp-content\/uploads\/2016\/02\/Plantelcla16-696x464.jpg 696w, https:\/\/www.rincondelbulla.cl\/portal\/wp-content\/uploads\/2016\/02\/Plantelcla16-1068x712.jpg 1068w, https:\/\/www.rincondelbulla.cl\/portal\/wp-content\/uploads\/2016\/02\/Plantelcla16-630x420.jpg 630w\" sizes=\"auto, (max-width: 1100px) 100vw, 1100px\" \/><\/p>\n<p><strong>Luego de la reprogramaci\u00f3n de la ANFP por el sistema frontal que afecto la zona centro sur del pa\u00eds, la fecha d\u00e9cimo cuarta del Campeonato Nacional qued\u00f3 agendada \u00a0para el martes 26 de abril, donde Universidad de Chile recibir\u00e1 a Uni\u00f3n la Calera a partir de las 19 horas.<\/strong><!--more--><\/p>\n<p><span style=\"font-weight: 400;\">De esta manera, a trav\u00e9s de la plataforma web de <a href=\"http:\/\/www.puntoticket.com\/Evento.aspx?EventoID=UCH075\">puntoticket<\/a>, las entradas para el duelo entre azules y caleranos, que se jugar\u00e1 en el Estadio Nacional Julio Mart\u00ednez, ya est\u00e1n a la disposici\u00f3n de los hinchas. <\/span><\/p>\n<p><span style=\"font-weight: 400;\">Las entradas, para el duelo que puede acercar m\u00e1s a los universitarios a la fase de liguilla, var\u00edan entre los $6.000 y $40.000. Los tickets de galer\u00eda, podr\u00e1n ser comprados a trav\u00e9s de internet para luego ser retirados presencialmente los d\u00edas domingo y lunes entre las 10.00 y 20.00 hrs.<\/span><\/p>\n<p><span style=\"font-weight: 400;\">\u00a1No te quedes afuera, acompa\u00f1emos al bulla en su paso a la liguilla! <\/span><\/p>\n","protected":false},"excerpt":{"rendered":"<p>Luego de la reprogramaci\u00f3n de la ANFP por el sistema frontal que afecto la zona centro sur del pa\u00eds, la fecha d\u00e9cimo cuarta del Campeonato Nacional qued\u00f3 agendada \u00a0para el martes 26 de abril, donde Universidad de Chile recibir\u00e1 a Uni\u00f3n la Calera a partir de las 19 horas.<\/p>\n","protected":false},"author":21388,"featured_media":9477,"comment_status":"closed","ping_status":"open","sticky":false,"template":"","format":"standard","meta":{"footnotes":""},"categories":[18],"tags":[195,727,294],"class_list":{"0":"post-9585","1":"post","2":"type-post","3":"status-publish","4":"format-standard","5":"has-post-thumbnail","7":"category-actualidad","8":"tag-entradas","9":"tag-la-calera","10":"tag-u-de-chile"},"_links":{"self":[{"href":"https:\/\/www.rincondelbulla.cl\/portal\/wp-json\/wp\/v2\/posts\/9585","targetHints":{"allow":["GET"]}}],"collection":[{"href":"https:\/\/www.rincondelbulla.cl\/portal\/wp-json\/wp\/v2\/posts"}],"about":[{"href":"https:\/\/www.rincondelbulla.cl\/portal\/wp-json\/wp\/v2\/types\/post"}],"author":[{"embeddable":true,"href":"https:\/\/www.rincondelbulla.cl\/portal\/wp-json\/wp\/v2\/users\/21388"}],"replies":[{"embeddable":true,"href":"https:\/\/www.rincondelbulla.cl\/portal\/wp-json\/wp\/v2\/comments?post=9585"}],"version-history":[{"count":2,"href":"https:\/\/www.rincondelbulla.cl\/portal\/wp-json\/wp\/v2\/posts\/9585\/revisions"}],"predecessor-version":[{"id":9619,"href":"https:\/\/www.rincondelbulla.cl\/portal\/wp-json\/wp\/v2\/posts\/9585\/revisions\/9619"}],"wp:featuredmedia":[{"embeddable":true,"href":"https:\/\/www.rincondelbulla.cl\/portal\/wp-json\/wp\/v2\/media\/9477"}],"wp:attachment":[{"href":"https:\/\/www.rincondelbulla.cl\/portal\/wp-json\/wp\/v2\/media?parent=9585"}],"wp:term":[{"taxonomy":"category","embeddable":true,"href":"https:\/\/www.rincondelbulla.cl\/portal\/wp-json\/wp\/v2\/categories?post=9585"},{"taxonomy":"post_tag","embeddable":true,"href":"https:\/\/www.rincondelbulla.cl\/portal\/wp-json\/wp\/v2\/tags?post=9585"}],"curies":[{"name":"wp","href":"https:\/\/api.w.org\/{rel}","templated":true}]}}