{"id":9639,"date":"2016-04-28T21:59:53","date_gmt":"2016-04-29T01:59:53","guid":{"rendered":"http:\/\/www.rincondelbulla.cl\/portal\/?p=9639"},"modified":"2016-04-28T22:01:49","modified_gmt":"2016-04-29T02:01:49","slug":"que-te-parece-estos-jugadores-no-seguirian-en-la-u","status":"publish","type":"post","link":"https:\/\/www.rincondelbulla.cl\/portal\/2016\/04\/28\/que-te-parece-estos-jugadores-no-seguirian-en-la-u\/","title":{"rendered":"\u00bfQu\u00e9 te parece?, Estos jugadores no seguir\u00edan en la \u201cU\u201d"},"content":{"rendered":"<figure id=\"attachment_9640\" aria-describedby=\"caption-attachment-9640\" style=\"width: 1000px\" class=\"wp-caption aligncenter\"><img loading=\"lazy\" decoding=\"async\" class=\"size-full wp-image-9640\" src=\"http:\/\/www.rincondelbulla.cl\/portal\/wp-content\/uploads\/2016\/04\/20.jpg\" alt=\"Foto: Claudio C\u00e1ceres\" width=\"1000\" height=\"667\" srcset=\"https:\/\/www.rincondelbulla.cl\/portal\/wp-content\/uploads\/2016\/04\/20.jpg 1000w, https:\/\/www.rincondelbulla.cl\/portal\/wp-content\/uploads\/2016\/04\/20-300x200.jpg 300w, https:\/\/www.rincondelbulla.cl\/portal\/wp-content\/uploads\/2016\/04\/20-768x512.jpg 768w, https:\/\/www.rincondelbulla.cl\/portal\/wp-content\/uploads\/2016\/04\/20-696x464.jpg 696w, https:\/\/www.rincondelbulla.cl\/portal\/wp-content\/uploads\/2016\/04\/20-630x420.jpg 630w\" sizes=\"auto, (max-width: 1000px) 100vw, 1000px\" \/><figcaption id=\"caption-attachment-9640\" class=\"wp-caption-text\">Foto: Claudio C\u00e1ceres<\/figcaption><\/figure>\n<p><strong>A una fecha del t\u00e9rmino del Torneo de Clausura, el t\u00e9cnico de Universidad de Chile, Sebasti\u00e1n\u00a0Beccacece ya tendr\u00eda una\u00a0larga lista de \u00a0jugadores que no seguir\u00edan en el plantel para el pr\u00f3ximo\u00a0campeonato.<\/strong><\/p>\n<p><!--more--><\/p>\n<p><strong><em>Por: Fabiola Cisterna<\/em><\/strong><\/p>\n<p>El primero en partir ser\u00eda Benjam\u00edn Vidal, quien no tuvo las suficientes opciones para jugar por\u00a0Universidad de Chile y estar\u00eda estudiando la forma para partir de club. Joao Ort\u00edz fue marginado\u00a0tras el asado que caus\u00f3 pol\u00e9micas en el camar\u00edn azul y fue excluido por el t\u00e9cnico rosarino. De ser\u00a0as\u00ed, el lateral partir\u00eda a Per\u00fa, que es de donde lo quieren.<\/p>\n<p>Cristian Su\u00e1rez, marginado tambi\u00e9n por Beccacece tras el asado, buscar\u00eda emigrar y encontrar su\u00a0salida definitiva del club. Luis Fari\u00f1a, quien lleg\u00f3 en calidad de pr\u00e9stamo por seis meses, no\u00a0convenci\u00f3 al t\u00e9cnico y deber\u00e1 volver al Benfica, club al que le pertenece su pase. Leonardo<\/p>\n<p>Valencia tambi\u00e9n se vio involucrado en una serie de indisciplinas, por lo que no se le renovar\u00eda el\u00a0contrato y deber\u00e1 volver a Palestino, club due\u00f1o de su pase.<\/p>\n<p>Gonzalo Espinoza no contar\u00eda con otra oportunidad tras la marginaci\u00f3n por el asado y se\u00a0marchar\u00eda del club al f\u00fatbol argentino.<\/p>\n<p>Math\u00edas Corujo ser\u00eda vendido por Azul Azul, para hacer caja\u00a0en la \u201cU\u201d. Guzm\u00e1n Pereira no convenci\u00f3 a Beccacece, por lo que no se le vio en cancha en\u00a0reiteradas ocasiones, por esto, partir\u00eda a su pa\u00eds, Uruguay. Patricio Rubio termina la fecha del\u00a0pr\u00e9stamo y deber\u00e1 volver a su club, Quer\u00e9taro.<\/p>\n<p>Luis Felipe Pinilla, quien particip\u00f3 del asado y\u00a0protagoniz\u00f3 un accidente por conducir en estado de ebriedad, busca ser enviado a pr\u00e9stamo.<\/p>\n<p>Sebasti\u00e1n Ubilla tampoco seguir\u00eda en Universidad de Chile, ya que el delantero termina su contrato\u00a0y no seguir\u00eda en los azules, con latentes opciones de M\u00e9xico, Brasil o Argentina.<\/p>\n<p>Gustavo Canales,\u00a0quien no se ha podido desenvolver del todo en el club, tras sufrir una serie de lesiones, al parecer\u00a0no seguir\u00eda en la \u201cU\u201d y retornar\u00eda a Uni\u00f3n Espa\u00f1ola.<\/p>\n<p>Por \u00faltimo, Francisco Castro, quien fue\u00a0marginado por Beccacece y estuvo toda la temporada sin jugar, buscar\u00eda club fuera de Chile.<\/p>\n<p>Los azules se enfrentar\u00e1n a Huachipato, por la \u00faltima fecha del Torneo de Clausura, este viernes\u00a029 de abril en el Estadio CAP a las 18:30 hrs.<\/p>\n","protected":false},"excerpt":{"rendered":"<p>A una fecha del t\u00e9rmino del Torneo de Clausura, el t\u00e9cnico de Universidad de Chile, Sebasti\u00e1n\u00a0Beccacece ya tendr\u00eda una\u00a0larga lista de \u00a0jugadores que no seguir\u00edan en el plantel para el pr\u00f3ximo\u00a0campeonato.<\/p>\n","protected":false},"author":56,"featured_media":9640,"comment_status":"closed","ping_status":"open","sticky":false,"template":"","format":"standard","meta":{"footnotes":""},"categories":[18],"tags":[454,70,157,156],"class_list":{"0":"post-9639","1":"post","2":"type-post","3":"status-publish","4":"format-standard","5":"has-post-thumbnail","7":"category-actualidad","8":"tag-actualidad","9":"tag-movidas","10":"tag-portada","11":"tag-universidad-de-chile"},"_links":{"self":[{"href":"https:\/\/www.rincondelbulla.cl\/portal\/wp-json\/wp\/v2\/posts\/9639","targetHints":{"allow":["GET"]}}],"collection":[{"href":"https:\/\/www.rincondelbulla.cl\/portal\/wp-json\/wp\/v2\/posts"}],"about":[{"href":"https:\/\/www.rincondelbulla.cl\/portal\/wp-json\/wp\/v2\/types\/post"}],"author":[{"embeddable":true,"href":"https:\/\/www.rincondelbulla.cl\/portal\/wp-json\/wp\/v2\/users\/56"}],"replies":[{"embeddable":true,"href":"https:\/\/www.rincondelbulla.cl\/portal\/wp-json\/wp\/v2\/comments?post=9639"}],"version-history":[{"count":3,"href":"https:\/\/www.rincondelbulla.cl\/portal\/wp-json\/wp\/v2\/posts\/9639\/revisions"}],"predecessor-version":[{"id":9643,"href":"https:\/\/www.rincondelbulla.cl\/portal\/wp-json\/wp\/v2\/posts\/9639\/revisions\/9643"}],"wp:featuredmedia":[{"embeddable":true,"href":"https:\/\/www.rincondelbulla.cl\/portal\/wp-json\/wp\/v2\/media\/9640"}],"wp:attachment":[{"href":"https:\/\/www.rincondelbulla.cl\/portal\/wp-json\/wp\/v2\/media?parent=9639"}],"wp:term":[{"taxonomy":"category","embeddable":true,"href":"https:\/\/www.rincondelbulla.cl\/portal\/wp-json\/wp\/v2\/categories?post=9639"},{"taxonomy":"post_tag","embeddable":true,"href":"https:\/\/www.rincondelbulla.cl\/portal\/wp-json\/wp\/v2\/tags?post=9639"}],"curies":[{"name":"wp","href":"https:\/\/api.w.org\/{rel}","templated":true}]}}