{"id":9723,"date":"2016-05-24T15:22:30","date_gmt":"2016-05-24T19:22:30","guid":{"rendered":"http:\/\/www.rincondelbulla.cl\/portal\/?p=9723"},"modified":"2016-05-24T15:22:30","modified_gmt":"2016-05-24T19:22:30","slug":"top-five-los-5-mejores-dt-de-la-universidad-de-chile-en-su-historia","status":"publish","type":"post","link":"https:\/\/www.rincondelbulla.cl\/portal\/2016\/05\/24\/top-five-los-5-mejores-dt-de-la-universidad-de-chile-en-su-historia\/","title":{"rendered":"Top five: Los 5 mejores DT de la Universidad de Chile en su historia"},"content":{"rendered":"<p>La U es\u00a0un equipo que en su historia ha tenido de dulce y agraz. Penas y alegr\u00edas, campeonatos inolvidables con jugadores que pasaron a ser leyendas. Pero detr\u00e1s de esos 11 guerreros hubo una mente maestra. Hoy te presentamos a los 5 mejores t\u00e9cnicos del equipo.<\/p>\n<p><img loading=\"lazy\" decoding=\"async\" class=\"alignright size-full wp-image-4420\" src=\"http:\/\/www.rincondelbulla.cl\/portal\/wp-content\/uploads\/2012\/04\/f3dd59a2cb6c4d08f016cde5495f86d5.jpg\" alt=\"Foto: Claudio C\u00e1ceres\" width=\"700\" height=\"396\" srcset=\"https:\/\/www.rincondelbulla.cl\/portal\/wp-content\/uploads\/2012\/04\/f3dd59a2cb6c4d08f016cde5495f86d5.jpg 700w, https:\/\/www.rincondelbulla.cl\/portal\/wp-content\/uploads\/2012\/04\/f3dd59a2cb6c4d08f016cde5495f86d5-300x170.jpg 300w, https:\/\/www.rincondelbulla.cl\/portal\/wp-content\/uploads\/2012\/04\/f3dd59a2cb6c4d08f016cde5495f86d5-696x394.jpg 696w\" sizes=\"auto, (max-width: 700px) 100vw, 700px\" \/><\/p>\n<p>&nbsp;<\/p>\n<p><strong>El mejor de todos los tiempos: Jorge Sampaoli<\/strong><\/p>\n<p>Es imposible hablar de Jorge Sampaoli y no recordar su paso por la U. No solo por los tres t\u00edtulos nacional que el casildense obtuvo, ni por la Copa Sudamericana, sino por todos aquellos momentos en que llen\u00f3 de orgullo al equipo azul. Cl\u00e1sicos que pasaron a ser historia, partidos imposibles de dar vuelta y que hicieron sonar con m\u00e1s fuerza que nunca el \u00abcon optimismo y fe\u00bb. Un DT que trajo alegr\u00eda y esp\u00edritu al rom\u00e1ntico viajero que alcanz\u00f3 la notoriedad que siempre mereci\u00f3.<\/p>\n<p>&nbsp;<\/p>\n<p><img loading=\"lazy\" decoding=\"async\" class=\"alignright size-full wp-image-9724\" src=\"http:\/\/www.rincondelbulla.cl\/portal\/wp-content\/uploads\/2016\/05\/luis-alamos-1960_0.jpg\" alt=\"Alamos\" width=\"1160\" height=\"820\" srcset=\"https:\/\/www.rincondelbulla.cl\/portal\/wp-content\/uploads\/2016\/05\/luis-alamos-1960_0.jpg 1160w, https:\/\/www.rincondelbulla.cl\/portal\/wp-content\/uploads\/2016\/05\/luis-alamos-1960_0-300x212.jpg 300w, https:\/\/www.rincondelbulla.cl\/portal\/wp-content\/uploads\/2016\/05\/luis-alamos-1960_0-768x543.jpg 768w, https:\/\/www.rincondelbulla.cl\/portal\/wp-content\/uploads\/2016\/05\/luis-alamos-1960_0-100x70.jpg 100w, https:\/\/www.rincondelbulla.cl\/portal\/wp-content\/uploads\/2016\/05\/luis-alamos-1960_0-696x492.jpg 696w, https:\/\/www.rincondelbulla.cl\/portal\/wp-content\/uploads\/2016\/05\/luis-alamos-1960_0-1068x755.jpg 1068w, https:\/\/www.rincondelbulla.cl\/portal\/wp-content\/uploads\/2016\/05\/luis-alamos-1960_0-594x420.jpg 594w\" sizes=\"auto, (max-width: 1160px) 100vw, 1160px\" \/><strong>Luis &#8216;Zorro&#8217; \u00c1lamos: El arquitecto del Ballet Azul<\/strong><\/p>\n<p>Un equipo sin historia es un equipo sin memoria, y sin duda que el Ballet Azul es un per\u00edodo digno de recordar para siempre. Uno de los t\u00e9cnicos m\u00e1s influyentes en la historia del f\u00fatbol chileno convirti\u00f3 a la U en el equipo de la d\u00e9cada de los 60. Una final de infarto dio vida a la rivalidad entre Universidad de Chile y Colo-Colo, as\u00ed lleg\u00f3\u00a0el primero de los tres t\u00edtulos que \u00c1lamos le dio a la U.<\/p>\n<p>El &#8216;Zorro&#8217; tambi\u00e9n internacionaliz\u00f3 al rom\u00e1ntico viajero, con varias giras por Europa y el Mundial del 62&#8242; con la Selecci\u00f3n Chilena te\u00f1ida de azul.<\/p>\n<p><img loading=\"lazy\" decoding=\"async\" class=\"size-full wp-image-9726 aligncenter\" src=\"http:\/\/www.rincondelbulla.cl\/portal\/wp-content\/uploads\/2016\/05\/jorge-socc3adas-dt.jpg\" alt=\"jorge-socc3adas-dt\" width=\"649\" height=\"365\" srcset=\"https:\/\/www.rincondelbulla.cl\/portal\/wp-content\/uploads\/2016\/05\/jorge-socc3adas-dt.jpg 649w, https:\/\/www.rincondelbulla.cl\/portal\/wp-content\/uploads\/2016\/05\/jorge-socc3adas-dt-300x169.jpg 300w\" sizes=\"auto, (max-width: 649px) 100vw, 649px\" \/><\/p>\n<p><strong>Jorge &#8216;Lulo&#8217; Soc\u00edas: Campe\u00f3n despu\u00e9s de 25 a\u00f1os<\/strong><\/p>\n<p>Imposible pasar de largo sin mencionar a Don Lulo. Bicampe\u00f3n con la U en 1994-1995, trajo la alegr\u00eda al pueblo azul tras 25 a\u00f1os de espera. Con figuras de la talla de Marcelo Salas y Pato Mardones, el equipo azul volv\u00eda a lo m\u00e1s alto. Grande como jugador y como DT.<\/p>\n<p><strong>C\u00e9sar Vaccia: Ah\u00ed ten\u00eds conchetumare<\/strong><\/p>\n<p>Dirigi\u00f3 a la U entre 1999 y 2001. Fue tres veces campe\u00f3n y el \u00faltimo DT en ganar en el fat\u00eddico estadio Monumental. Un t\u00e9cnico hist\u00f3rico.<\/p>\n<p><img loading=\"lazy\" decoding=\"async\" class=\"size-full wp-image-6362 aligncenter\" src=\"http:\/\/www.rincondelbulla.cl\/portal\/wp-content\/uploads\/2014\/12\/martin12.jpg\" alt=\"Mart\u00edn Lasarte\" width=\"1100\" height=\"700\" srcset=\"https:\/\/www.rincondelbulla.cl\/portal\/wp-content\/uploads\/2014\/12\/martin12.jpg 1100w, https:\/\/www.rincondelbulla.cl\/portal\/wp-content\/uploads\/2014\/12\/martin12-300x191.jpg 300w, https:\/\/www.rincondelbulla.cl\/portal\/wp-content\/uploads\/2014\/12\/martin12-768x489.jpg 768w, https:\/\/www.rincondelbulla.cl\/portal\/wp-content\/uploads\/2014\/12\/martin12-696x443.jpg 696w, https:\/\/www.rincondelbulla.cl\/portal\/wp-content\/uploads\/2014\/12\/martin12-1068x680.jpg 1068w, https:\/\/www.rincondelbulla.cl\/portal\/wp-content\/uploads\/2014\/12\/martin12-660x420.jpg 660w\" sizes=\"auto, (max-width: 1100px) 100vw, 1100px\" \/><\/p>\n<p>Mart\u00edn Bernardo Lasarte:\u00a0Garra charr\u00faa<\/p>\n<p>De la mano de Gustavo Canales, la U volv\u00eda a campeonar en 2014, tras ganarle la pulseada a Colo Colo y Santiago Wanderers.\u00a0Una Supercopa contra la U. de Conce y una Copa Chile ganada contra Colo Colo, despidieron al uruguayo a lo grande y lo ponen un pelda\u00f1o m\u00e1s arriba que otros DT hist\u00f3ricos.<\/p>\n","protected":false},"excerpt":{"rendered":"<p>La U es\u00a0un equipo que en su historia ha tenido de dulce y agraz. Penas y alegr\u00edas, campeonatos inolvidables con jugadores que pasaron a ser leyendas. Pero detr\u00e1s de esos 11 guerreros hubo una mente maestra. Hoy te presentamos a los 5 mejores t\u00e9cnicos del equipo. &nbsp; El mejor de todos los tiempos: Jorge Sampaoli [&#8230;]<\/p>\n","protected":false},"author":21383,"featured_media":4420,"comment_status":"closed","ping_status":"open","sticky":false,"template":"","format":"standard","meta":{"footnotes":""},"categories":[18],"tags":[754],"class_list":{"0":"post-9723","1":"post","2":"type-post","3":"status-publish","4":"format-standard","5":"has-post-thumbnail","7":"category-actualidad","8":"tag-89anosdelau"},"_links":{"self":[{"href":"https:\/\/www.rincondelbulla.cl\/portal\/wp-json\/wp\/v2\/posts\/9723","targetHints":{"allow":["GET"]}}],"collection":[{"href":"https:\/\/www.rincondelbulla.cl\/portal\/wp-json\/wp\/v2\/posts"}],"about":[{"href":"https:\/\/www.rincondelbulla.cl\/portal\/wp-json\/wp\/v2\/types\/post"}],"author":[{"embeddable":true,"href":"https:\/\/www.rincondelbulla.cl\/portal\/wp-json\/wp\/v2\/users\/21383"}],"replies":[{"embeddable":true,"href":"https:\/\/www.rincondelbulla.cl\/portal\/wp-json\/wp\/v2\/comments?post=9723"}],"version-history":[{"count":4,"href":"https:\/\/www.rincondelbulla.cl\/portal\/wp-json\/wp\/v2\/posts\/9723\/revisions"}],"predecessor-version":[{"id":9749,"href":"https:\/\/www.rincondelbulla.cl\/portal\/wp-json\/wp\/v2\/posts\/9723\/revisions\/9749"}],"wp:featuredmedia":[{"embeddable":true,"href":"https:\/\/www.rincondelbulla.cl\/portal\/wp-json\/wp\/v2\/media\/4420"}],"wp:attachment":[{"href":"https:\/\/www.rincondelbulla.cl\/portal\/wp-json\/wp\/v2\/media?parent=9723"}],"wp:term":[{"taxonomy":"category","embeddable":true,"href":"https:\/\/www.rincondelbulla.cl\/portal\/wp-json\/wp\/v2\/categories?post=9723"},{"taxonomy":"post_tag","embeddable":true,"href":"https:\/\/www.rincondelbulla.cl\/portal\/wp-json\/wp\/v2\/tags?post=9723"}],"curies":[{"name":"wp","href":"https:\/\/api.w.org\/{rel}","templated":true}]}}