{"id":9741,"date":"2016-05-23T15:49:23","date_gmt":"2016-05-23T19:49:23","guid":{"rendered":"http:\/\/www.rincondelbulla.cl\/portal\/?p=9741"},"modified":"2016-05-23T15:51:41","modified_gmt":"2016-05-23T19:51:41","slug":"canales-deja-la-u-y-pone-fin-a-una-exitosa-carrera-en-el-leon","status":"publish","type":"post","link":"https:\/\/www.rincondelbulla.cl\/portal\/2016\/05\/23\/canales-deja-la-u-y-pone-fin-a-una-exitosa-carrera-en-el-leon\/","title":{"rendered":"Canales deja la U y pone fin a una exitosa carrera en el Le\u00f3n"},"content":{"rendered":"<figure id=\"attachment_6363\" aria-describedby=\"caption-attachment-6363\" style=\"width: 1100px\" class=\"wp-caption aligncenter\"><img loading=\"lazy\" decoding=\"async\" class=\"size-full wp-image-6363\" src=\"http:\/\/www.rincondelbulla.cl\/portal\/wp-content\/uploads\/2014\/12\/canales4.jpg\" alt=\"Foto: Patricio Gonz\u00e1lez\" width=\"1100\" height=\"700\" srcset=\"https:\/\/www.rincondelbulla.cl\/portal\/wp-content\/uploads\/2014\/12\/canales4.jpg 1100w, https:\/\/www.rincondelbulla.cl\/portal\/wp-content\/uploads\/2014\/12\/canales4-300x191.jpg 300w, https:\/\/www.rincondelbulla.cl\/portal\/wp-content\/uploads\/2014\/12\/canales4-768x489.jpg 768w, https:\/\/www.rincondelbulla.cl\/portal\/wp-content\/uploads\/2014\/12\/canales4-696x443.jpg 696w, https:\/\/www.rincondelbulla.cl\/portal\/wp-content\/uploads\/2014\/12\/canales4-1068x680.jpg 1068w, https:\/\/www.rincondelbulla.cl\/portal\/wp-content\/uploads\/2014\/12\/canales4-660x420.jpg 660w\" sizes=\"auto, (max-width: 1100px) 100vw, 1100px\" \/><figcaption id=\"caption-attachment-6363\" class=\"wp-caption-text\">Foto: Patricio Gonz\u00e1lez<\/figcaption><\/figure>\n<p><strong>Se decidi\u00f3 por parte del jugador y de Azul Azul terminar anticipadamente el contrato de trabajo.<\/strong><!--more--><\/p>\n<p>Mediante un comunicado emitido por Universidad de Chile, se hizo p\u00fablico el acuerdo entre el jugador y Azul Azul para poner t\u00e9rmino al v\u00ednculo con la U del \u00abM\u00e1gico\u00bb, con esto, el delantero deber\u00e1 buscar otro club para continuar su carrera.<\/p>\n<p>En el documento se indica que la decisi\u00f3n fue tomada por ambas partes\u00a0y desde la U agradecieron la nobleza con la que actu\u00f3 Canales, \u00ab<strong>El Club Universidad de Chile quisiera destacar la nobleza con que ha actuado Gustavo, al asumir un camino que le significa renunciar a los beneficios propios del per\u00edodo de contrato que a\u00fan le restaba<\/strong>\u00ab, se se\u00f1ala.<\/p>\n<p>Se destaca tambi\u00e9n que esta est\u00e1 enmarcada en la poca posibilidad que el jugador se recupere de sus constantes lesiones para mostra el juego y nivel que necesita un equipo como la U, \u00a0<strong>\u00abLa determinaci\u00f3n fue tomada de com\u00fan acuerdo, luego de que Gustavo reconociera que no estaba en condiciones de responder como \u00e9l quisiera a las \u00a0altas exigencias que significa vestir la camiseta de nuestro Club\u00bb,\u00a0<\/strong>se inidca en el comunicado.<\/p>\n<p>Finalmente la U agradeci\u00f3 el profesionalismo del jugador, \u00ab<strong>Asimismo, el Club le agradece el profesionalismo y la entrega que tuvo con nuestra instituci\u00f3n y le desea lo mejor en sus futuros proyectos\u00bb,<\/strong> finaliza el comunicado.<\/p>\n<p>Desde Rinc\u00f3n del Bulla expresamos nuestro agradecimeitno a Canales y le deseamos lo mejor en sus pr\u00f3ximos desaf\u00edos.<\/p>\n<p>\u00a1\u00a1Hasta siempre, M\u00e1gico!!<\/p>\n","protected":false},"excerpt":{"rendered":"<p>Se decidi\u00f3 por parte del jugador y de Azul Azul terminar anticipadamente el contrato de trabajo.<\/p>\n","protected":false},"author":56,"featured_media":6363,"comment_status":"closed","ping_status":"open","sticky":false,"template":"","format":"standard","meta":{"footnotes":""},"categories":[18],"tags":[765,384,70,157],"class_list":{"0":"post-9741","1":"post","2":"type-post","3":"status-publish","4":"format-standard","5":"has-post-thumbnail","7":"category-actualidad","8":"tag-actualidd","9":"tag-canales","10":"tag-movidas","11":"tag-portada"},"_links":{"self":[{"href":"https:\/\/www.rincondelbulla.cl\/portal\/wp-json\/wp\/v2\/posts\/9741","targetHints":{"allow":["GET"]}}],"collection":[{"href":"https:\/\/www.rincondelbulla.cl\/portal\/wp-json\/wp\/v2\/posts"}],"about":[{"href":"https:\/\/www.rincondelbulla.cl\/portal\/wp-json\/wp\/v2\/types\/post"}],"author":[{"embeddable":true,"href":"https:\/\/www.rincondelbulla.cl\/portal\/wp-json\/wp\/v2\/users\/56"}],"replies":[{"embeddable":true,"href":"https:\/\/www.rincondelbulla.cl\/portal\/wp-json\/wp\/v2\/comments?post=9741"}],"version-history":[{"count":3,"href":"https:\/\/www.rincondelbulla.cl\/portal\/wp-json\/wp\/v2\/posts\/9741\/revisions"}],"predecessor-version":[{"id":9744,"href":"https:\/\/www.rincondelbulla.cl\/portal\/wp-json\/wp\/v2\/posts\/9741\/revisions\/9744"}],"wp:featuredmedia":[{"embeddable":true,"href":"https:\/\/www.rincondelbulla.cl\/portal\/wp-json\/wp\/v2\/media\/6363"}],"wp:attachment":[{"href":"https:\/\/www.rincondelbulla.cl\/portal\/wp-json\/wp\/v2\/media?parent=9741"}],"wp:term":[{"taxonomy":"category","embeddable":true,"href":"https:\/\/www.rincondelbulla.cl\/portal\/wp-json\/wp\/v2\/categories?post=9741"},{"taxonomy":"post_tag","embeddable":true,"href":"https:\/\/www.rincondelbulla.cl\/portal\/wp-json\/wp\/v2\/tags?post=9741"}],"curies":[{"name":"wp","href":"https:\/\/api.w.org\/{rel}","templated":true}]}}