{"id":9850,"date":"2016-06-07T21:09:17","date_gmt":"2016-06-08T01:09:17","guid":{"rendered":"http:\/\/www.rincondelbulla.cl\/portal\/?p=9850"},"modified":"2016-06-07T21:26:42","modified_gmt":"2016-06-08T01:26:42","slug":"foro-rememorara-a-un-club-universitario","status":"publish","type":"post","link":"https:\/\/www.rincondelbulla.cl\/portal\/2016\/06\/07\/foro-rememorara-a-un-club-universitario\/","title":{"rendered":"Foro rememorar\u00e1 a un Club Universitario"},"content":{"rendered":"<p><img loading=\"lazy\" decoding=\"async\" class=\"alignnone size-full wp-image-9851\" src=\"http:\/\/www.rincondelbulla.cl\/portal\/wp-content\/uploads\/2016\/06\/FOROOOO.jpg\" alt=\"FOROOOO\" width=\"960\" height=\"640\" srcset=\"https:\/\/www.rincondelbulla.cl\/portal\/wp-content\/uploads\/2016\/06\/FOROOOO.jpg 960w, https:\/\/www.rincondelbulla.cl\/portal\/wp-content\/uploads\/2016\/06\/FOROOOO-300x200.jpg 300w, https:\/\/www.rincondelbulla.cl\/portal\/wp-content\/uploads\/2016\/06\/FOROOOO-768x512.jpg 768w, https:\/\/www.rincondelbulla.cl\/portal\/wp-content\/uploads\/2016\/06\/FOROOOO-696x464.jpg 696w, https:\/\/www.rincondelbulla.cl\/portal\/wp-content\/uploads\/2016\/06\/FOROOOO-630x420.jpg 630w\" sizes=\"auto, (max-width: 960px) 100vw, 960px\" \/><\/p>\n<p><strong>La Asociaci\u00f3n de Hinchas Azules (AHA) busca rescatar y debatir sobre los <\/strong><strong>origenes de la Universidad de Chile.<\/strong><!--more--><\/p>\n<p>Con la presencia del gran Leonel S\u00e1nchez, los ex dirigentes y funcionarios Patrico Scaff, Ra\u00fal Farf\u00e1n, Marcelo Pereira, y el ex estudiante Camilo N\u00fa\u00f1ez, se llevar\u00e1 a cabo el foro <a href=\"https:\/\/www.facebook.com\/events\/286014938404183\/\">\u00abMemorias de un Club Universitario\u00bb.\u00a0<\/a><\/p>\n<p>Desde la AHA cuentan que \u00abla jornada ha sido convocada como un ejercicio de rescate institucional de las vivencias de distintos actores ligados a la historia y al presente del Club Universidad de Chile, en sus m\u00faltiples formas a lo largo de su vida\u00bb.<\/p>\n<p>La actividad se desarrollar\u00e1 este jueves 9 de junio a las 18 horas\u00a0en el auditorio de la Libertad de Expresi\u00f3n \u201cPeriodista Jos\u00e9 Carrasco Tapia\u201d del Instituto de la Comunicaci\u00f3n e Imagen del <a href=\"https:\/\/www.google.cl\/webhp?sourceid=chrome-instant&amp;ion=1&amp;espv=2&amp;ie=UTF-8#q=juan%20gomez%20millas&amp;rflfq=1&amp;rlha=0&amp;rllag=-33505336,-70633347,5983&amp;tbm=lcl&amp;tbs=lf:1,lf_ui:2&amp;fll=-33.47848331793304,-70.60682581726076&amp;fspn=0.0430985808875306,0.06385941259674155&amp;fz=14&amp;oll=-33.50532265,-70.6333475&amp;ospn=0.09819694971945125,0.08446156050641207&amp;oz=12&amp;qop=1&amp;rlfi=hd:;si:\">campus Juan G\u00f3mez Millas.<\/a><\/p>\n<p><img loading=\"lazy\" decoding=\"async\" class=\"size-full wp-image-9854 aligncenter\" src=\"http:\/\/www.rincondelbulla.cl\/portal\/wp-content\/uploads\/2016\/06\/FORO-MEMORIAS.jpg\" alt=\"FORO MEMORIAS\" width=\"679\" height=\"960\" srcset=\"https:\/\/www.rincondelbulla.cl\/portal\/wp-content\/uploads\/2016\/06\/FORO-MEMORIAS.jpg 679w, https:\/\/www.rincondelbulla.cl\/portal\/wp-content\/uploads\/2016\/06\/FORO-MEMORIAS-212x300.jpg 212w, https:\/\/www.rincondelbulla.cl\/portal\/wp-content\/uploads\/2016\/06\/FORO-MEMORIAS-297x420.jpg 297w\" sizes=\"auto, (max-width: 679px) 100vw, 679px\" \/><\/p>\n","protected":false},"excerpt":{"rendered":"<p>La Asociaci\u00f3n de Hinchas Azules (AHA) busca rescatar y debatir sobre los origenes de la Universidad de Chile.<\/p>\n","protected":false},"author":65,"featured_media":9851,"comment_status":"closed","ping_status":"open","sticky":false,"template":"","format":"standard","meta":{"footnotes":""},"categories":[18],"tags":[278,657,790],"class_list":{"0":"post-9850","1":"post","2":"type-post","3":"status-publish","4":"format-standard","5":"has-post-thumbnail","7":"category-actualidad","8":"tag-asamblea-de-hinchas-azules","9":"tag-carlos-campos","10":"tag-foro"},"_links":{"self":[{"href":"https:\/\/www.rincondelbulla.cl\/portal\/wp-json\/wp\/v2\/posts\/9850","targetHints":{"allow":["GET"]}}],"collection":[{"href":"https:\/\/www.rincondelbulla.cl\/portal\/wp-json\/wp\/v2\/posts"}],"about":[{"href":"https:\/\/www.rincondelbulla.cl\/portal\/wp-json\/wp\/v2\/types\/post"}],"author":[{"embeddable":true,"href":"https:\/\/www.rincondelbulla.cl\/portal\/wp-json\/wp\/v2\/users\/65"}],"replies":[{"embeddable":true,"href":"https:\/\/www.rincondelbulla.cl\/portal\/wp-json\/wp\/v2\/comments?post=9850"}],"version-history":[{"count":3,"href":"https:\/\/www.rincondelbulla.cl\/portal\/wp-json\/wp\/v2\/posts\/9850\/revisions"}],"predecessor-version":[{"id":9855,"href":"https:\/\/www.rincondelbulla.cl\/portal\/wp-json\/wp\/v2\/posts\/9850\/revisions\/9855"}],"wp:featuredmedia":[{"embeddable":true,"href":"https:\/\/www.rincondelbulla.cl\/portal\/wp-json\/wp\/v2\/media\/9851"}],"wp:attachment":[{"href":"https:\/\/www.rincondelbulla.cl\/portal\/wp-json\/wp\/v2\/media?parent=9850"}],"wp:term":[{"taxonomy":"category","embeddable":true,"href":"https:\/\/www.rincondelbulla.cl\/portal\/wp-json\/wp\/v2\/categories?post=9850"},{"taxonomy":"post_tag","embeddable":true,"href":"https:\/\/www.rincondelbulla.cl\/portal\/wp-json\/wp\/v2\/tags?post=9850"}],"curies":[{"name":"wp","href":"https:\/\/api.w.org\/{rel}","templated":true}]}}