{"id":9909,"date":"2016-06-20T13:40:51","date_gmt":"2016-06-20T17:40:51","guid":{"rendered":"http:\/\/www.rincondelbulla.cl\/portal\/?p=9909"},"modified":"2016-06-20T13:40:51","modified_gmt":"2016-06-20T17:40:51","slug":"la-u-presento-a-los-nuevos-refuerzos","status":"publish","type":"post","link":"https:\/\/www.rincondelbulla.cl\/portal\/2016\/06\/20\/la-u-presento-a-los-nuevos-refuerzos\/","title":{"rendered":"La U present\u00f3 a los nuevos refuerzos"},"content":{"rendered":"<figure id=\"attachment_9910\" aria-describedby=\"caption-attachment-9910\" style=\"width: 900px\" class=\"wp-caption aligncenter\"><img loading=\"lazy\" decoding=\"async\" class=\"size-full wp-image-9910\" src=\"http:\/\/www.rincondelbulla.cl\/portal\/wp-content\/uploads\/2016\/06\/13450057_10154409221037494_8568235754976296354_n.jpg\" alt=\"Foto: Reproducci\u00f3n Twitter\" width=\"900\" height=\"576\" srcset=\"https:\/\/www.rincondelbulla.cl\/portal\/wp-content\/uploads\/2016\/06\/13450057_10154409221037494_8568235754976296354_n.jpg 900w, https:\/\/www.rincondelbulla.cl\/portal\/wp-content\/uploads\/2016\/06\/13450057_10154409221037494_8568235754976296354_n-300x192.jpg 300w, https:\/\/www.rincondelbulla.cl\/portal\/wp-content\/uploads\/2016\/06\/13450057_10154409221037494_8568235754976296354_n-768x492.jpg 768w, https:\/\/www.rincondelbulla.cl\/portal\/wp-content\/uploads\/2016\/06\/13450057_10154409221037494_8568235754976296354_n-696x445.jpg 696w, https:\/\/www.rincondelbulla.cl\/portal\/wp-content\/uploads\/2016\/06\/13450057_10154409221037494_8568235754976296354_n-656x420.jpg 656w\" sizes=\"auto, (max-width: 900px) 100vw, 900px\" \/><figcaption id=\"caption-attachment-9910\" class=\"wp-caption-text\">Foto: Reproducci\u00f3n Twitter<\/figcaption><\/figure>\n<p><strong>Esta ma\u00f1ana en el Centro Deportivo Azul fueron presentados los refuerzos azules. Pese a esto se confirm\u00f3 que a\u00fan no se cierra el plantel y se espera dos o tres novedades.<\/strong><\/p>\n<p><!--more--><\/p>\n<p>Temprano en la ma\u00f1ana lleg\u00f3 hoy a Chile el presidente de Azul Azul, Carlos Heller. Su misi\u00f3n: la presentaci\u00f3n oficial de los nuevos refuerzos que se pondr\u00e1n la camiseta azul este semestre.<\/p>\n<p>En un evento que cont\u00f3 con hinchas y algunas figuras como Diego Rivarola y Sergio Vargas, se presentaron a cinco de los siete refuerzos confirmados.<\/p>\n<p>El primero en salir fue Juan Leiva, que se\u00f1al\u00f3 estar cumpliendo un sue\u00f1o y <strong>\u00abespera ganar muchos t\u00edtulos\u00bb<\/strong>.<\/p>\n<p>El segundo fue Christi\u00e1n Vilches, que usar\u00e1 el dorsal n\u00famero 2. \u00ab<strong>Con trabajo y entrega me voy a ir ganando a la gente\u00bb<\/strong>, afirm\u00f3 el defensa.<\/p>\n<p>Uno de los m\u00e1s aplaudidos fue La Gata, Gast\u00f3n Fern\u00e1ndez, quien usar\u00e1 la &#8217;10&#8217;. El trasandino confes\u00f3 que <strong>espera honrar la camiseta como lo hizo Leo Rodr\u00edguez.<\/strong><\/p>\n<p>Tambi\u00e9n fueron presentados Felipe Mora y Franz Schultz. Adem\u00e1s se confirm\u00f3 la incorporaci\u00f3n del portero ex Wanderers, Mauricio Viana.<\/p>\n<p>En el cierre de la presentaci\u00f3n, Heller confirm\u00f3 que se esperan dos o tres refuerzos m\u00e1s en la U.<\/p>\n","protected":false},"excerpt":{"rendered":"<p>Esta ma\u00f1ana en el Centro Deportivo Azul fueron presentados los refuerzos azules. Pese a esto se confirm\u00f3 que a\u00fan no se cierra el plantel y se espera dos o tres novedades.<\/p>\n","protected":false},"author":21383,"featured_media":9910,"comment_status":"closed","ping_status":"open","sticky":false,"template":"","format":"standard","meta":{"footnotes":""},"categories":[18],"tags":[157,235],"class_list":{"0":"post-9909","1":"post","2":"type-post","3":"status-publish","4":"format-standard","5":"has-post-thumbnail","7":"category-actualidad","8":"tag-portada","9":"tag-refuerzos"},"_links":{"self":[{"href":"https:\/\/www.rincondelbulla.cl\/portal\/wp-json\/wp\/v2\/posts\/9909","targetHints":{"allow":["GET"]}}],"collection":[{"href":"https:\/\/www.rincondelbulla.cl\/portal\/wp-json\/wp\/v2\/posts"}],"about":[{"href":"https:\/\/www.rincondelbulla.cl\/portal\/wp-json\/wp\/v2\/types\/post"}],"author":[{"embeddable":true,"href":"https:\/\/www.rincondelbulla.cl\/portal\/wp-json\/wp\/v2\/users\/21383"}],"replies":[{"embeddable":true,"href":"https:\/\/www.rincondelbulla.cl\/portal\/wp-json\/wp\/v2\/comments?post=9909"}],"version-history":[{"count":1,"href":"https:\/\/www.rincondelbulla.cl\/portal\/wp-json\/wp\/v2\/posts\/9909\/revisions"}],"predecessor-version":[{"id":9911,"href":"https:\/\/www.rincondelbulla.cl\/portal\/wp-json\/wp\/v2\/posts\/9909\/revisions\/9911"}],"wp:featuredmedia":[{"embeddable":true,"href":"https:\/\/www.rincondelbulla.cl\/portal\/wp-json\/wp\/v2\/media\/9910"}],"wp:attachment":[{"href":"https:\/\/www.rincondelbulla.cl\/portal\/wp-json\/wp\/v2\/media?parent=9909"}],"wp:term":[{"taxonomy":"category","embeddable":true,"href":"https:\/\/www.rincondelbulla.cl\/portal\/wp-json\/wp\/v2\/categories?post=9909"},{"taxonomy":"post_tag","embeddable":true,"href":"https:\/\/www.rincondelbulla.cl\/portal\/wp-json\/wp\/v2\/tags?post=9909"}],"curies":[{"name":"wp","href":"https:\/\/api.w.org\/{rel}","templated":true}]}}