{"id":9913,"date":"2016-06-21T01:31:04","date_gmt":"2016-06-21T05:31:04","guid":{"rendered":"http:\/\/www.rincondelbulla.cl\/portal\/?p=9913"},"modified":"2016-06-21T01:31:04","modified_gmt":"2016-06-21T05:31:04","slug":"no-todo-fue-bienvenida-en-este-lunes-azul","status":"publish","type":"post","link":"https:\/\/www.rincondelbulla.cl\/portal\/2016\/06\/21\/no-todo-fue-bienvenida-en-este-lunes-azul\/","title":{"rendered":"No todo fue bienvenida en este lunes azul"},"content":{"rendered":"<p><img loading=\"lazy\" decoding=\"async\" class=\"alignnone size-full wp-image-5497\" src=\"http:\/\/www.rincondelbulla.cl\/portal\/wp-content\/uploads\/2014\/08\/guzman.jpg\" alt=\"guzman\" width=\"1100\" height=\"700\" srcset=\"https:\/\/www.rincondelbulla.cl\/portal\/wp-content\/uploads\/2014\/08\/guzman.jpg 1100w, https:\/\/www.rincondelbulla.cl\/portal\/wp-content\/uploads\/2014\/08\/guzman-300x191.jpg 300w, https:\/\/www.rincondelbulla.cl\/portal\/wp-content\/uploads\/2014\/08\/guzman-768x489.jpg 768w, https:\/\/www.rincondelbulla.cl\/portal\/wp-content\/uploads\/2014\/08\/guzman-696x443.jpg 696w, https:\/\/www.rincondelbulla.cl\/portal\/wp-content\/uploads\/2014\/08\/guzman-1068x680.jpg 1068w, https:\/\/www.rincondelbulla.cl\/portal\/wp-content\/uploads\/2014\/08\/guzman-660x420.jpg 660w\" sizes=\"auto, (max-width: 1100px) 100vw, 1100px\" \/><\/p>\n<p><strong>Con una salida charr\u00faa del equipo termin\u00f3 este d\u00eda lunes, ya que la dirigencia azul, en negociaciones con el club uruguayo Pe\u00f1arol, llegaron al acuerdo de un a\u00f1o de pr\u00e9stamo por el mediocampista.<\/strong><!--more--><\/p>\n<p><span style=\"font-weight: 400;\">De esta forma, la agitada jornada de presentaciones en el recinto deportivo azul, con la incorporaci\u00f3n de Fern\u00e1ndez, Vilches, Mora, Schultz y Leiva, termina con la aceleraci\u00f3n que impuls\u00f3 el cuadro carbonero por la incorporaci\u00f3n de Pereira al plantel uruguayo. Es as\u00ed, como se libera un cupo extranjero en el cuadro de Sebasti\u00e1n Beccacece de cara a lo que ser\u00e1 el torneo en el segundo semestre del 2016.<\/span><\/p>\n<p><span style=\"font-weight: 400;\">Guzm\u00e1n Pereira deja la tienda azul por un a\u00f1o, luego de tener un irregular primer semestre, ya que la continuidad del celeste estuvo marcada por la lesi\u00f3n en la rodilla que lo dej\u00f3 afuera de las canchas por varias fechas. A esto se sum\u00f3 la poca cabida que le daba Beccacece en el equipo, ya que no era del gusto del entrenador, prefiriendo a otros en el medio del equipo azul.<\/span><\/p>\n<p><span style=\"font-weight: 400;\">\u201cMe genera mucha alegr\u00eda y expectativa a mi carrera este paso en mi carrera\u201d, con esta frase Guzm\u00e1n calific\u00f3 la nueva etapa deportiva en su carrera al diario uruguayo Ovaci\u00f3n.<\/span><\/p>\n<p><span style=\"font-weight: 400;\">Esperamos que tengas un buen paso por tu hogar Guzm\u00e1n, para seguir aportando con toda la garra y quite que te caracteriza en las pr\u00f3ximas temporadas azules.<\/span><\/p>\n","protected":false},"excerpt":{"rendered":"<p>Con una salida charr\u00faa del equipo termin\u00f3 este d\u00eda lunes, ya que la dirigencia azul, en negociaciones con el club uruguayo Pe\u00f1arol, llegaron al acuerdo de un a\u00f1o de pr\u00e9stamo por el mediocampista.<\/p>\n","protected":false},"author":21388,"featured_media":5497,"comment_status":"closed","ping_status":"open","sticky":false,"template":"","format":"standard","meta":{"footnotes":""},"categories":[18],"tags":[281,801,294],"class_list":{"0":"post-9913","1":"post","2":"type-post","3":"status-publish","4":"format-standard","5":"has-post-thumbnail","7":"category-actualidad","8":"tag-guzman-pereira","9":"tag-penarol","10":"tag-u-de-chile"},"_links":{"self":[{"href":"https:\/\/www.rincondelbulla.cl\/portal\/wp-json\/wp\/v2\/posts\/9913","targetHints":{"allow":["GET"]}}],"collection":[{"href":"https:\/\/www.rincondelbulla.cl\/portal\/wp-json\/wp\/v2\/posts"}],"about":[{"href":"https:\/\/www.rincondelbulla.cl\/portal\/wp-json\/wp\/v2\/types\/post"}],"author":[{"embeddable":true,"href":"https:\/\/www.rincondelbulla.cl\/portal\/wp-json\/wp\/v2\/users\/21388"}],"replies":[{"embeddable":true,"href":"https:\/\/www.rincondelbulla.cl\/portal\/wp-json\/wp\/v2\/comments?post=9913"}],"version-history":[{"count":1,"href":"https:\/\/www.rincondelbulla.cl\/portal\/wp-json\/wp\/v2\/posts\/9913\/revisions"}],"predecessor-version":[{"id":9914,"href":"https:\/\/www.rincondelbulla.cl\/portal\/wp-json\/wp\/v2\/posts\/9913\/revisions\/9914"}],"wp:featuredmedia":[{"embeddable":true,"href":"https:\/\/www.rincondelbulla.cl\/portal\/wp-json\/wp\/v2\/media\/5497"}],"wp:attachment":[{"href":"https:\/\/www.rincondelbulla.cl\/portal\/wp-json\/wp\/v2\/media?parent=9913"}],"wp:term":[{"taxonomy":"category","embeddable":true,"href":"https:\/\/www.rincondelbulla.cl\/portal\/wp-json\/wp\/v2\/categories?post=9913"},{"taxonomy":"post_tag","embeddable":true,"href":"https:\/\/www.rincondelbulla.cl\/portal\/wp-json\/wp\/v2\/tags?post=9913"}],"curies":[{"name":"wp","href":"https:\/\/api.w.org\/{rel}","templated":true}]}}