{"id":9916,"date":"2016-06-22T00:30:02","date_gmt":"2016-06-22T04:30:02","guid":{"rendered":"http:\/\/www.rincondelbulla.cl\/portal\/?p=9916"},"modified":"2016-06-22T00:30:02","modified_gmt":"2016-06-22T04:30:02","slug":"la-u-se-prepara-en-el-norte-para-el-torneo-de-apertura","status":"publish","type":"post","link":"https:\/\/www.rincondelbulla.cl\/portal\/2016\/06\/22\/la-u-se-prepara-en-el-norte-para-el-torneo-de-apertura\/","title":{"rendered":"La U se prepara en el norte para el Torneo de Apertura"},"content":{"rendered":"<figure id=\"attachment_9228\" aria-describedby=\"caption-attachment-9228\" style=\"width: 1100px\" class=\"wp-caption alignnone\"><img loading=\"lazy\" decoding=\"async\" class=\"size-full wp-image-9228\" src=\"http:\/\/www.rincondelbulla.cl\/portal\/wp-content\/uploads\/2016\/03\/plantelcla16-superclasico.jpg\" alt=\"Foto: Photosport\" width=\"1100\" height=\"733\" srcset=\"https:\/\/www.rincondelbulla.cl\/portal\/wp-content\/uploads\/2016\/03\/plantelcla16-superclasico.jpg 1100w, https:\/\/www.rincondelbulla.cl\/portal\/wp-content\/uploads\/2016\/03\/plantelcla16-superclasico-300x200.jpg 300w, https:\/\/www.rincondelbulla.cl\/portal\/wp-content\/uploads\/2016\/03\/plantelcla16-superclasico-768x512.jpg 768w, https:\/\/www.rincondelbulla.cl\/portal\/wp-content\/uploads\/2016\/03\/plantelcla16-superclasico-696x464.jpg 696w, https:\/\/www.rincondelbulla.cl\/portal\/wp-content\/uploads\/2016\/03\/plantelcla16-superclasico-1068x712.jpg 1068w, https:\/\/www.rincondelbulla.cl\/portal\/wp-content\/uploads\/2016\/03\/plantelcla16-superclasico-630x420.jpg 630w\" sizes=\"auto, (max-width: 1100px) 100vw, 1100px\" \/><figcaption id=\"caption-attachment-9228\" class=\"wp-caption-text\">Foto: Photosport<\/figcaption><\/figure>\n<p><strong>Los dirigidos por Sebasti\u00e1n Beccacece ya comienzan a calentar motores \u00a0y tienen fecha para mostrar el nivel que traen los refuerzos que llegaron al club azul. El cuadro laico disputar\u00e1 dos partidos amistosos esta semana en el norte de nuestro pa\u00eds, ante Deportes La Serena y Coquimbo Unido.<\/strong><br \/>\n<!--more--><\/p>\n<p><span style=\"font-weight: 400;\">El primer partido se disputar\u00e1 contra los papayeros este viernes 24 de junio, a las 20:00 horas. El cotejo se jugar\u00e1 en el Estadio La Portada y lass entradas ya se encuentran a la venta por internet, a trav\u00e9s de <a href=\"http:\/\/www.puntoticket.com\/Evento.aspx?EventoID=UCH076\">Punto Ticket<\/a>.<\/span><\/p>\n<p><span style=\"font-weight: 400;\">El encuentro ante el cuadro pirata se jugar\u00e1 el domingo \u00a026 de junio, a las 16:30 horas, en el Estadio Francisco S\u00e1nchez Rumoroso y ser\u00e1 transmitido por la se\u00f1al de Mega. Las entradas ya se encuentran disponibles para asistir al encuentro.<\/span><\/p>\n<p><span style=\"font-weight: 400;\">En tanto ya se han pactado otros dos encuentros, el 2 de julio en Temuco frente a los locales y el 16 la Noche Azul frente a Pe\u00f1arol.<\/span><\/p>\n<p><strong>Universidad de Chile vs Deportes La Serena.<\/strong><\/p>\n<p><span style=\"font-weight: 400;\">HORARIOS Y PUNTOS DE VENTA:<\/span><\/p>\n<p><span style=\"font-weight: 400;\">Lunes a Viernes desde las 10:00 hasta las 17:00 horas.<\/span><\/p>\n<p><span style=\"font-weight: 400;\">Estadio La Portada, por Avenida Estadio<\/span><\/p>\n<p><span style=\"font-weight: 400;\">VALOR ENTRADAS:<\/span><\/p>\n<p><span style=\"font-weight: 400;\">Galer\u00eda: $5.000<\/span><\/p>\n<p><span style=\"font-weight: 400;\">Tribuna: $8.000<\/span><\/p>\n<p><span style=\"font-weight: 400;\">Marquesina: $12.000<\/span><\/p>\n<p><span style=\"font-weight: 400;\">Palco: $20.000<\/span><\/p>\n<p><strong>Universidad de Chile vs Coquimbo Unido<\/strong><\/p>\n<p><span style=\"font-weight: 400;\">HORARIO Y PUNTOS DE VENTA:<\/span><\/p>\n<p><span style=\"font-weight: 400;\">Viernes 24 y s\u00e1bado 25 de Junio. Desde las 10:00 hasta las 18:00 horas, boleter\u00edas de la calle Carmona, esquina Pedro de Valdivia.<\/span><\/p>\n<p><span style=\"font-weight: 400;\">Viernes 24 de Junio. Desde las 10:00 a las 14:00 horas y desde las 15:00 a las 18:00 horas. En la sede del club, Guillermo Edwards 50, El Llano de Coquimbo.<\/span><\/p>\n<p><span style=\"font-weight: 400;\">S\u00e1bado 25 de Junio. Desde las 09:00 a las 14:00 horas. En la sede del club, Guillermo Edwards 50, El Llano de Coquimbo.<\/span><\/p>\n<p><span style=\"font-weight: 400;\">Domingo 26 de Junio. Desde las 09:00 a las 14:30 horas, boleter\u00edas de la calle Carmona, esquina Pedro de Valdivia.<\/span><\/p>\n<p><span style=\"font-weight: 400;\">VALOR ENTRADAS:<\/span><\/p>\n<p><span style=\"font-weight: 400;\">Galer\u00eda: $4.000<\/span><\/p>\n<p><span style=\"font-weight: 400;\">Tribuna: $6.000<\/span><\/p>\n<p><span style=\"font-weight: 400;\">Marquesina: $10.000<\/span><\/p>\n<p><span style=\"font-weight: 400;\">VIP: $14.000<\/span><\/p>\n","protected":false},"excerpt":{"rendered":"<p>Los dirigidos por Sebasti\u00e1n Beccacece ya comienzan a calentar motores \u00a0y tienen fecha para mostrar el nivel que traen los refuerzos que llegaron al club azul. El cuadro laico disputar\u00e1 dos partidos amistosos esta semana en el norte de nuestro pa\u00eds, ante Deportes La Serena y Coquimbo Unido.<\/p>\n","protected":false},"author":21385,"featured_media":8947,"comment_status":"closed","ping_status":"open","sticky":false,"template":"","format":"standard","meta":{"footnotes":""},"categories":[18],"tags":[715,504,294],"class_list":{"0":"post-9916","1":"post","2":"type-post","3":"status-publish","4":"format-standard","5":"has-post-thumbnail","7":"category-actualidad","8":"tag-coquimbo-unido","9":"tag-la-serena","10":"tag-u-de-chile"},"_links":{"self":[{"href":"https:\/\/www.rincondelbulla.cl\/portal\/wp-json\/wp\/v2\/posts\/9916","targetHints":{"allow":["GET"]}}],"collection":[{"href":"https:\/\/www.rincondelbulla.cl\/portal\/wp-json\/wp\/v2\/posts"}],"about":[{"href":"https:\/\/www.rincondelbulla.cl\/portal\/wp-json\/wp\/v2\/types\/post"}],"author":[{"embeddable":true,"href":"https:\/\/www.rincondelbulla.cl\/portal\/wp-json\/wp\/v2\/users\/21385"}],"replies":[{"embeddable":true,"href":"https:\/\/www.rincondelbulla.cl\/portal\/wp-json\/wp\/v2\/comments?post=9916"}],"version-history":[{"count":1,"href":"https:\/\/www.rincondelbulla.cl\/portal\/wp-json\/wp\/v2\/posts\/9916\/revisions"}],"predecessor-version":[{"id":9917,"href":"https:\/\/www.rincondelbulla.cl\/portal\/wp-json\/wp\/v2\/posts\/9916\/revisions\/9917"}],"wp:featuredmedia":[{"embeddable":true,"href":"https:\/\/www.rincondelbulla.cl\/portal\/wp-json\/wp\/v2\/media\/8947"}],"wp:attachment":[{"href":"https:\/\/www.rincondelbulla.cl\/portal\/wp-json\/wp\/v2\/media?parent=9916"}],"wp:term":[{"taxonomy":"category","embeddable":true,"href":"https:\/\/www.rincondelbulla.cl\/portal\/wp-json\/wp\/v2\/categories?post=9916"},{"taxonomy":"post_tag","embeddable":true,"href":"https:\/\/www.rincondelbulla.cl\/portal\/wp-json\/wp\/v2\/tags?post=9916"}],"curies":[{"name":"wp","href":"https:\/\/api.w.org\/{rel}","templated":true}]}}