{"id":9945,"date":"2016-06-30T13:04:16","date_gmt":"2016-06-30T17:04:16","guid":{"rendered":"http:\/\/www.rincondelbulla.cl\/portal\/?p=9945"},"modified":"2016-06-30T14:05:27","modified_gmt":"2016-06-30T18:05:27","slug":"mora-y-las-incorporaciones-queremos-sumar-y-lograr-cosas-importantes","status":"publish","type":"post","link":"https:\/\/www.rincondelbulla.cl\/portal\/2016\/06\/30\/mora-y-las-incorporaciones-queremos-sumar-y-lograr-cosas-importantes\/","title":{"rendered":"Mora y las incorporaciones: \u00abQueremos sumar y lograr cosas importantes\u00bb"},"content":{"rendered":"<p><img loading=\"lazy\" decoding=\"async\" class=\"size-full wp-image-9890 aligncenter\" src=\"http:\/\/www.rincondelbulla.cl\/portal\/wp-content\/uploads\/2016\/06\/felipemora.png\" alt=\"felipemora\" width=\"620\" height=\"350\" srcset=\"https:\/\/www.rincondelbulla.cl\/portal\/wp-content\/uploads\/2016\/06\/felipemora.png 620w, https:\/\/www.rincondelbulla.cl\/portal\/wp-content\/uploads\/2016\/06\/felipemora-300x169.png 300w\" sizes=\"auto, (max-width: 620px) 100vw, 620px\" \/><\/p>\n<p><strong>Esta tarde en el CDA el encargado de enfrentar a los medios fue el flamante refuerzo, Felipe Mora. El delantero convers\u00f3 sobre los amistosos y lo que se viene para la U de cara al nuevo semestre.<\/strong><\/p>\n<p><!--more--><\/p>\n<p><strong>Los amistosos:\u00a0<\/strong>Nos sirvieron mucho para ver c\u00f3mo estamos, fuimos de menos a m\u00e1s y hay que seguir trabajando.<\/p>\n<p><strong>El dopping de La Gata:\u00a0<\/strong>A Gast\u00f3n se le ha visto tranquilo y con las mismas ganas. No se ha tocado el tema m\u00e1s all\u00e1.<\/p>\n<p><strong>Sin excusas:\u00a0<\/strong>Estamos con muchas ganas de mejorar. Somos harta gente nueva y queremos sumar y lograr cosas importantes. Tenemos la mejor disposici\u00f3n de lograr cosas con la U.<\/p>\n<p><strong>El \u00fanico delantero:\u00a0<\/strong>Me siento bien y con muchas ganas de aportar con lo m\u00edo. Espero que lleguen m\u00e1s delanteros.\u00a0Tenemos una pre temporada fuerte. Ahora vienen m\u00e1s amistosos. Me he sentido bien y pude marcar con Coquimbo.<\/p>\n<p><strong>El objetivo: <\/strong>Llegar lo m\u00e1s alto posible y pelear el campeonato. \u00a0Tenemos la convicci\u00f3n de lograr cosas importantes.<\/p>\n<p><strong>La relaci\u00f3n con Bonini:\u00a0<\/strong>El trabajo f\u00edsico es intenso. Nos saca el jugo.<\/p>\n<p>Cabe destacar que la U jugar\u00e1 el pr\u00f3ximo amistoso frente a Temuco, en lo que ser\u00e1 la noche albiverde. Sobre el rival, Mora se\u00f1al\u00f3 que <strong>\u00abTemuco es un buen rival y ser\u00e1 un buen apret\u00f3n para saber c\u00f3mo estamos\u00bb.<\/strong><\/p>\n","protected":false},"excerpt":{"rendered":"<p>Esta tarde en el CDA el encargado de enfrentar a los medios fue el flamante refuerzo, Felipe Mora. El delantero convers\u00f3 sobre los amistosos y lo que se viene para la U de cara al nuevo semestre.<\/p>\n","protected":false},"author":21383,"featured_media":9890,"comment_status":"closed","ping_status":"open","sticky":false,"template":"","format":"standard","meta":{"footnotes":""},"categories":[18],"tags":[288,805,539,157],"class_list":{"0":"post-9945","1":"post","2":"type-post","3":"status-publish","4":"format-standard","5":"has-post-thumbnail","7":"category-actualidad","8":"tag-cda","9":"tag-conferencia","10":"tag-felipe-mora","11":"tag-portada"},"_links":{"self":[{"href":"https:\/\/www.rincondelbulla.cl\/portal\/wp-json\/wp\/v2\/posts\/9945","targetHints":{"allow":["GET"]}}],"collection":[{"href":"https:\/\/www.rincondelbulla.cl\/portal\/wp-json\/wp\/v2\/posts"}],"about":[{"href":"https:\/\/www.rincondelbulla.cl\/portal\/wp-json\/wp\/v2\/types\/post"}],"author":[{"embeddable":true,"href":"https:\/\/www.rincondelbulla.cl\/portal\/wp-json\/wp\/v2\/users\/21383"}],"replies":[{"embeddable":true,"href":"https:\/\/www.rincondelbulla.cl\/portal\/wp-json\/wp\/v2\/comments?post=9945"}],"version-history":[{"count":1,"href":"https:\/\/www.rincondelbulla.cl\/portal\/wp-json\/wp\/v2\/posts\/9945\/revisions"}],"predecessor-version":[{"id":9946,"href":"https:\/\/www.rincondelbulla.cl\/portal\/wp-json\/wp\/v2\/posts\/9945\/revisions\/9946"}],"wp:featuredmedia":[{"embeddable":true,"href":"https:\/\/www.rincondelbulla.cl\/portal\/wp-json\/wp\/v2\/media\/9890"}],"wp:attachment":[{"href":"https:\/\/www.rincondelbulla.cl\/portal\/wp-json\/wp\/v2\/media?parent=9945"}],"wp:term":[{"taxonomy":"category","embeddable":true,"href":"https:\/\/www.rincondelbulla.cl\/portal\/wp-json\/wp\/v2\/categories?post=9945"},{"taxonomy":"post_tag","embeddable":true,"href":"https:\/\/www.rincondelbulla.cl\/portal\/wp-json\/wp\/v2\/tags?post=9945"}],"curies":[{"name":"wp","href":"https:\/\/api.w.org\/{rel}","templated":true}]}}