{"id":9947,"date":"2016-07-02T18:03:09","date_gmt":"2016-07-02T22:03:09","guid":{"rendered":"http:\/\/www.rincondelbulla.cl\/portal\/?p=9947"},"modified":"2016-07-02T18:03:09","modified_gmt":"2016-07-02T22:03:09","slug":"la-u-cayo-en-penales-contra-temuco","status":"publish","type":"post","link":"https:\/\/www.rincondelbulla.cl\/portal\/2016\/07\/02\/la-u-cayo-en-penales-contra-temuco\/","title":{"rendered":"La U cay\u00f3 en penales contra Temuco"},"content":{"rendered":"<figure id=\"attachment_9479\" aria-describedby=\"caption-attachment-9479\" style=\"width: 960px\" class=\"wp-caption aligncenter\"><img loading=\"lazy\" decoding=\"async\" class=\"size-full wp-image-9479\" src=\"http:\/\/www.rincondelbulla.cl\/portal\/wp-content\/uploads\/2016\/04\/Sebastian-Beccacece.jpg\" alt=\"El DT agradeci\u00f3 la uni\u00f3n de grupo y el gesto que los jugadores tuvieron con \u00e9l. Asegur\u00f3 que el objetivo es llegar a ala liguilla de Copa Sudamericana. Foto: Claudio C\u00e1ceres\" width=\"960\" height=\"640\" srcset=\"https:\/\/www.rincondelbulla.cl\/portal\/wp-content\/uploads\/2016\/04\/Sebastian-Beccacece.jpg 960w, https:\/\/www.rincondelbulla.cl\/portal\/wp-content\/uploads\/2016\/04\/Sebastian-Beccacece-300x200.jpg 300w, https:\/\/www.rincondelbulla.cl\/portal\/wp-content\/uploads\/2016\/04\/Sebastian-Beccacece-768x512.jpg 768w, https:\/\/www.rincondelbulla.cl\/portal\/wp-content\/uploads\/2016\/04\/Sebastian-Beccacece-696x464.jpg 696w, https:\/\/www.rincondelbulla.cl\/portal\/wp-content\/uploads\/2016\/04\/Sebastian-Beccacece-630x420.jpg 630w\" sizes=\"auto, (max-width: 960px) 100vw, 960px\" \/><figcaption id=\"caption-attachment-9479\" class=\"wp-caption-text\">Foto: Claudio C\u00e1ceres<\/figcaption><\/figure>\n<p><strong>En la tarde albiverde, el equipo de Beccacece termin\u00f3 cayendo en penales, luego de empatar en el tiempo reglamentario por 1-1.<\/strong><\/p>\n<p><!--more--><\/p>\n<p>Pese a un\u00a0primer tiempo parejo, el equipo con m\u00e1s llegadas fue\u00a0Temuco. Los embaste del cuadro albiverde\u00a0dejaron\u00a0en evidencia varios\u00a0errores defensivos, que persisten, en el cuadro azul. La\u00a0buena actuaci\u00f3n del joven portero Espinoza no fue suficiente para evitar la apertura de la cuenta de los locales, que a trav\u00e9s de Pi\u00f1a de rebote pusieron el 1-0 parcial.<\/p>\n<p>Sin embargo, la agon\u00eda azul no dur\u00f3 demasiado y el equipo logr\u00f3 empatar a los dos minutos, luego de una jugada magn\u00edfica de Nicol\u00e1s Maturana que culmin\u00f3 en centro y gol de Yerko Leiva.<\/p>\n<p>La segunda mitad no tuvo mucho peligro m\u00e1s para ninguno de los equipos, pese a que los azules se hicieron con algo de posesi\u00f3n del bal\u00f3n.<\/p>\n<p>Finalizados los 90&#8242; ambos equipos se fueron a la tanda de penales. Los primeros 5 pateadores azules acertaron, pero cuando Rodrigo Ure\u00f1a tuvo su turno fall\u00f3, d\u00e1ndole la copa a los temucanos.<\/p>\n","protected":false},"excerpt":{"rendered":"<p>En la tarde albiverde, el equipo de Beccacece termin\u00f3 cayendo en penales, luego de empatar en el tiempo reglamentario por 1-1.<\/p>\n","protected":false},"author":21383,"featured_media":9613,"comment_status":"closed","ping_status":"open","sticky":false,"template":"","format":"standard","meta":{"footnotes":""},"categories":[18],"tags":[157],"class_list":{"0":"post-9947","1":"post","2":"type-post","3":"status-publish","4":"format-standard","5":"has-post-thumbnail","7":"category-actualidad","8":"tag-portada"},"_links":{"self":[{"href":"https:\/\/www.rincondelbulla.cl\/portal\/wp-json\/wp\/v2\/posts\/9947","targetHints":{"allow":["GET"]}}],"collection":[{"href":"https:\/\/www.rincondelbulla.cl\/portal\/wp-json\/wp\/v2\/posts"}],"about":[{"href":"https:\/\/www.rincondelbulla.cl\/portal\/wp-json\/wp\/v2\/types\/post"}],"author":[{"embeddable":true,"href":"https:\/\/www.rincondelbulla.cl\/portal\/wp-json\/wp\/v2\/users\/21383"}],"replies":[{"embeddable":true,"href":"https:\/\/www.rincondelbulla.cl\/portal\/wp-json\/wp\/v2\/comments?post=9947"}],"version-history":[{"count":1,"href":"https:\/\/www.rincondelbulla.cl\/portal\/wp-json\/wp\/v2\/posts\/9947\/revisions"}],"predecessor-version":[{"id":9948,"href":"https:\/\/www.rincondelbulla.cl\/portal\/wp-json\/wp\/v2\/posts\/9947\/revisions\/9948"}],"wp:featuredmedia":[{"embeddable":true,"href":"https:\/\/www.rincondelbulla.cl\/portal\/wp-json\/wp\/v2\/media\/9613"}],"wp:attachment":[{"href":"https:\/\/www.rincondelbulla.cl\/portal\/wp-json\/wp\/v2\/media?parent=9947"}],"wp:term":[{"taxonomy":"category","embeddable":true,"href":"https:\/\/www.rincondelbulla.cl\/portal\/wp-json\/wp\/v2\/categories?post=9947"},{"taxonomy":"post_tag","embeddable":true,"href":"https:\/\/www.rincondelbulla.cl\/portal\/wp-json\/wp\/v2\/tags?post=9947"}],"curies":[{"name":"wp","href":"https:\/\/api.w.org\/{rel}","templated":true}]}}