{"id":9962,"date":"2016-07-06T13:34:11","date_gmt":"2016-07-06T17:34:11","guid":{"rendered":"http:\/\/www.rincondelbulla.cl\/portal\/?p=9962"},"modified":"2016-07-06T13:51:47","modified_gmt":"2016-07-06T17:51:47","slug":"gonzalo-jara-salir-campeon-es-lo-unico-que-tenemos-en-la-cabeza","status":"publish","type":"post","link":"https:\/\/www.rincondelbulla.cl\/portal\/2016\/07\/06\/gonzalo-jara-salir-campeon-es-lo-unico-que-tenemos-en-la-cabeza\/","title":{"rendered":"Gonzalo Jara: \u00abSalir campe\u00f3n es lo \u00fanico que tenemos en la cabeza\u00bb"},"content":{"rendered":"<p><img loading=\"lazy\" decoding=\"async\" class=\"size-full wp-image-8117\" src=\"http:\/\/www.rincondelbulla.cl\/portal\/wp-content\/uploads\/2016\/01\/Jara1.jpg\" alt=\"El seleccionado chileno demostr\u00f3 con creces su jerarqu\u00eda y las razones de su contrataci\u00f3n.\" width=\"960\" height=\"640\" srcset=\"https:\/\/www.rincondelbulla.cl\/portal\/wp-content\/uploads\/2016\/01\/Jara1.jpg 960w, https:\/\/www.rincondelbulla.cl\/portal\/wp-content\/uploads\/2016\/01\/Jara1-300x200.jpg 300w, https:\/\/www.rincondelbulla.cl\/portal\/wp-content\/uploads\/2016\/01\/Jara1-768x512.jpg 768w, https:\/\/www.rincondelbulla.cl\/portal\/wp-content\/uploads\/2016\/01\/Jara1-696x464.jpg 696w, https:\/\/www.rincondelbulla.cl\/portal\/wp-content\/uploads\/2016\/01\/Jara1-630x420.jpg 630w\" sizes=\"auto, (max-width: 960px) 100vw, 960px\" \/><\/p>\n<p><strong>En su estilo, tirando tallas y respondiendo con humor, Gonzalo Jara atendi\u00f3 a los medios hoy en el CDA. El defensa bicampe\u00f3n de Am\u00e9rica convers\u00f3 sobre lo que su regreso a los entrenamientos, las ofertas que rechaz\u00f3 por quedarse y los objetivos para el nuevo semestre.<\/strong><\/p>\n<p><!--more--><\/p>\n<p>Feliz en su regreso a los\u00a0entrenamientos se mostr\u00f3 hace algunos d\u00edas atr\u00e1s Gonzalo Jara. El jugador\u00a0se encontr\u00f3 con varias caras nuevas y algunas conocidas. Uno de los defensas m\u00e1s importantes de la actual Universidad de Chile, que llega en gran nivel tras la Copa Am\u00e9rica jugada en los Estados Unidos.<\/p>\n<p><strong>Gonzalo Jara, \u00bfun referente?<\/strong>\u00a0No busco ser un referente. Quiero logros con la U. Si bien tengo cercan\u00edas con los m\u00e1s j\u00f3venes, no busco ser un l\u00edder. Creo que hay otros compa\u00f1eros que est\u00e1n para eso.<\/p>\n<p><strong>Objetivos del campeonato:<\/strong> Tenemos claro que debemos salir campe\u00f3n. Es lo \u00fanico que tenemos en la cabeza. ser participes de este campeonato.<\/p>\n<p><strong>Vacaciones cortas:<\/strong> Yo prefer\u00ed volver antes. Despu\u00e9s de una semana me siento inc\u00f3modo en la casa sin hacer nada. Me he llevado una grata sorpresa con el nivel de entrenamiento y el \u00e1nimo que hay.<\/p>\n<p><strong>Salidas al extranjero<\/strong>: No me voy a ir porque vine a lograr cosas y por el respeto que le tengo al cuerpo t\u00e9cnico. Estoy c\u00f3modo y feliz.<\/p>\n<p><strong>Reencuentro con Bonini:<\/strong> No cambia el profe. Feliz de estar con una persona que contagia alegr\u00eda y feliz de poder compartir con \u00e9l en esta nueva etapa.<\/p>\n<p><strong>Los nuevos compa\u00f1eros:<\/strong> Se adaptan mucho mejor al estilo de juego que queremos lograr. Esperamos poder llevar ese estilo mucho mejor durante este campeonato.<\/p>\n<p><strong>Refuerzo bomb\u00e1stico:<\/strong>\u00a0Lorenzo es un jugador muy importante que en su momento tuvo la oportunidad de estar en la Selecci\u00f3n. Viene a sumar y tiene experiencia en su posici\u00f3n y para nosotros es un jugador fundamental.<\/p>\n<p><strong>La nueva defensa: <\/strong>Han llegado varios nuevos. Al Quily lo conozco y a Alejandro lo hab\u00eda visto jugar. Ser\u00e1n aportes, podemos formar una l\u00ednea de tres o de cuatro. Pero es bueno tener variantes.<\/p>\n<p><strong>\u00bfSampaoli a la Albiceleste? <\/strong>Estuvo dentro de los tres mejores DT del mundo as\u00ed que tiene el perfil para llegar. \u00c9l adem\u00e1s reconoci\u00f3 que le gustar\u00eda llegar a su selecci\u00f3n.<\/p>\n<p><strong>Amistosos internacionales: <\/strong>Son importantes. Hay que ir afiat\u00e1ndose como equipo. Espero poder jugar y conocer a mis compa\u00f1eros nuevos.<\/p>\n<p><strong>La salida de Guzm\u00e1n Pereira: <\/strong>Hay que ser respetuoso. \u00c9l no ven\u00eda jugando por gusto del entrenador. A m\u00ed me pas\u00f3 tambi\u00e9n en Europa, no era del gusto del DT pero igualmente segu\u00eda yendo a mi selecci\u00f3n.<\/p>\n<p>Revisa la entrevista completa de Jarita en el siguiente <a href=\"https:\/\/www.facebook.com\/clubuniversidaddechileoficial\/videos\/1390162840998785\/\"><strong>VIDEO<\/strong><\/a><\/p>\n","protected":false},"excerpt":{"rendered":"<p>En su estilo, tirando tallas y respondiendo con humor, Gonzalo Jara atendi\u00f3 a los medios hoy en el CDA. El defensa bicampe\u00f3n de Am\u00e9rica convers\u00f3 sobre lo que su regreso a los entrenamientos, las ofertas que rechaz\u00f3 por quedarse y los objetivos para el nuevo semestre.<\/p>\n","protected":false},"author":21383,"featured_media":8116,"comment_status":"closed","ping_status":"open","sticky":false,"template":"","format":"standard","meta":{"footnotes":""},"categories":[18],"tags":[574,157],"class_list":{"0":"post-9962","1":"post","2":"type-post","3":"status-publish","4":"format-standard","5":"has-post-thumbnail","7":"category-actualidad","8":"tag-jara","9":"tag-portada"},"_links":{"self":[{"href":"https:\/\/www.rincondelbulla.cl\/portal\/wp-json\/wp\/v2\/posts\/9962","targetHints":{"allow":["GET"]}}],"collection":[{"href":"https:\/\/www.rincondelbulla.cl\/portal\/wp-json\/wp\/v2\/posts"}],"about":[{"href":"https:\/\/www.rincondelbulla.cl\/portal\/wp-json\/wp\/v2\/types\/post"}],"author":[{"embeddable":true,"href":"https:\/\/www.rincondelbulla.cl\/portal\/wp-json\/wp\/v2\/users\/21383"}],"replies":[{"embeddable":true,"href":"https:\/\/www.rincondelbulla.cl\/portal\/wp-json\/wp\/v2\/comments?post=9962"}],"version-history":[{"count":7,"href":"https:\/\/www.rincondelbulla.cl\/portal\/wp-json\/wp\/v2\/posts\/9962\/revisions"}],"predecessor-version":[{"id":9969,"href":"https:\/\/www.rincondelbulla.cl\/portal\/wp-json\/wp\/v2\/posts\/9962\/revisions\/9969"}],"wp:featuredmedia":[{"embeddable":true,"href":"https:\/\/www.rincondelbulla.cl\/portal\/wp-json\/wp\/v2\/media\/8116"}],"wp:attachment":[{"href":"https:\/\/www.rincondelbulla.cl\/portal\/wp-json\/wp\/v2\/media?parent=9962"}],"wp:term":[{"taxonomy":"category","embeddable":true,"href":"https:\/\/www.rincondelbulla.cl\/portal\/wp-json\/wp\/v2\/categories?post=9962"},{"taxonomy":"post_tag","embeddable":true,"href":"https:\/\/www.rincondelbulla.cl\/portal\/wp-json\/wp\/v2\/tags?post=9962"}],"curies":[{"name":"wp","href":"https:\/\/api.w.org\/{rel}","templated":true}]}}